{"id":162111,"date":"2024-02-29T11:12:32","date_gmt":"2024-02-29T16:12:32","guid":{"rendered":"https:\/\/zonales.quito.gob.ec\/?p=162111"},"modified":"2026-03-31T09:02:00","modified_gmt":"2026-03-31T14:02:00","slug":"rendicion-de-cuentas-az-la-mariscal-2","status":"publish","type":"post","link":"https:\/\/zonales.quito.gob.ec\/?p=162111","title":{"rendered":"Rendici\u00f3n de Cuentas AZ La Mariscal"},"content":{"rendered":"\t\t<div data-elementor-type=\"wp-post\" data-elementor-id=\"162111\" class=\"elementor elementor-162111\" data-elementor-post-type=\"post\">\n\t\t\t\t\t\t<section class=\"elementor-section elementor-top-section elementor-element elementor-element-6a42864 elementor-section-boxed elementor-section-height-default elementor-section-height-default\" data-id=\"6a42864\" data-element_type=\"section\" data-settings=\"{&quot;background_background&quot;:&quot;classic&quot;}\">\n\t\t\t\t\t\t\t<div class=\"elementor-background-overlay\"><\/div>\n\t\t\t\t\t\t\t<div class=\"elementor-container elementor-column-gap-default\">\n\t\t\t\t\t<div class=\"elementor-column elementor-col-100 elementor-top-column elementor-element elementor-element-eea95c3\" data-id=\"eea95c3\" data-element_type=\"column\">\n\t\t\t<div class=\"elementor-widget-wrap elementor-element-populated\">\n\t\t\t\t\t\t<section class=\"elementor-section elementor-inner-section elementor-element elementor-element-61aacdc elementor-section-boxed elementor-section-height-default elementor-section-height-default\" data-id=\"61aacdc\" data-element_type=\"section\">\n\t\t\t\t\t\t<div class=\"elementor-container elementor-column-gap-default\">\n\t\t\t\t\t<div class=\"elementor-column elementor-col-100 elementor-inner-column elementor-element elementor-element-1624e53\" data-id=\"1624e53\" data-element_type=\"column\">\n\t\t\t<div class=\"elementor-widget-wrap elementor-element-populated\">\n\t\t\t\t\t\t<div class=\"elementor-element elementor-element-a3f867a elementor-widget elementor-widget-heading\" data-id=\"a3f867a\" data-element_type=\"widget\" data-widget_type=\"heading.default\">\n\t\t\t\t<div class=\"elementor-widget-container\">\n\t\t\t\t\t<h4 class=\"elementor-heading-title elementor-size-default\">RENDICI\u00d3N DE CUENTAS <\/h4>\t\t\t\t<\/div>\n\t\t\t\t<\/div>\n\t\t\t\t<div class=\"elementor-element elementor-element-824ec46 elementor-view-default elementor-widget elementor-widget-icon\" data-id=\"824ec46\" data-element_type=\"widget\" data-widget_type=\"icon.default\">\n\t\t\t\t<div class=\"elementor-widget-container\">\n\t\t\t\t\t\t\t<div class=\"elementor-icon-wrapper\">\n\t\t\t<div class=\"elementor-icon\">\n\t\t\t<svg aria-hidden=\"true\" class=\"e-font-icon-svg e-fas-users\" viewBox=\"0 0 640 512\" xmlns=\"http:\/\/www.w3.org\/2000\/svg\"><path d=\"M96 224c35.3 0 64-28.7 64-64s-28.7-64-64-64-64 28.7-64 64 28.7 64 64 64zm448 0c35.3 0 64-28.7 64-64s-28.7-64-64-64-64 28.7-64 64 28.7 64 64 64zm32 32h-64c-17.6 0-33.5 7.1-45.1 18.6 40.3 22.1 68.9 62 75.1 109.4h66c17.7 0 32-14.3 32-32v-32c0-35.3-28.7-64-64-64zm-256 0c61.9 0 112-50.1 112-112S381.9 32 320 32 208 82.1 208 144s50.1 112 112 112zm76.8 32h-8.3c-20.8 10-43.9 16-68.5 16s-47.6-6-68.5-16h-8.3C179.6 288 128 339.6 128 403.2V432c0 26.5 21.5 48 48 48h288c26.5 0 48-21.5 48-48v-28.8c0-63.6-51.6-115.2-115.2-115.2zm-223.7-13.4C161.5 263.1 145.6 256 128 256H64c-35.3 0-64 28.7-64 64v32c0 17.7 14.3 32 32 32h65.9c6.3-47.4 34.9-87.3 75.2-109.4z\"><\/path><\/svg>\t\t\t<\/div>\n\t\t<\/div>\n\t\t\t\t\t\t<\/div>\n\t\t\t\t<\/div>\n\t\t\t\t\t<\/div>\n\t\t<\/div>\n\t\t\t\t\t<\/div>\n\t\t<\/section>\n\t\t\t\t<div class=\"elementor-element elementor-element-29c04c1 elementor-widget elementor-widget-heading\" data-id=\"29c04c1\" data-element_type=\"widget\" data-widget_type=\"heading.default\">\n\t\t\t\t<div class=\"elementor-widget-container\">\n\t\t\t\t\t<h1 class=\"elementor-heading-title elementor-size-default\">Administraci\u00f3n Zonal La Mariscal<\/h1>\t\t\t\t<\/div>\n\t\t\t\t<\/div>\n\t\t\t\t\t<\/div>\n\t\t<\/div>\n\t\t\t\t\t<\/div>\n\t\t<\/section>\n\t\t\t\t<section class=\"elementor-section elementor-top-section elementor-element elementor-element-1154647 elementor-section-boxed elementor-section-height-default elementor-section-height-default\" data-id=\"1154647\" data-element_type=\"section\" data-settings=\"{&quot;background_background&quot;:&quot;classic&quot;}\">\n\t\t\t\t\t\t<div class=\"elementor-container elementor-column-gap-default\">\n\t\t\t\t\t<div class=\"elementor-column elementor-col-100 elementor-top-column elementor-element elementor-element-b1d11e6\" data-id=\"b1d11e6\" data-element_type=\"column\">\n\t\t\t<div class=\"elementor-widget-wrap elementor-element-populated\">\n\t\t\t\t\t\t<div class=\"elementor-element elementor-element-7f137fb elementor-widget-mobile__width-auto e-n-tabs-mobile elementor-widget elementor-widget-n-tabs\" data-id=\"7f137fb\" data-element_type=\"widget\" data-settings=\"{&quot;tabs_justify_horizontal&quot;:&quot;center&quot;,&quot;horizontal_scroll&quot;:&quot;disable&quot;}\" data-widget_type=\"nested-tabs.default\">\n\t\t\t\t<div class=\"elementor-widget-container\">\n\t\t\t\t\t\t\t<div class=\"e-n-tabs\" data-widget-number=\"133249019\" aria-label=\"Pesta\u00f1as. Abre elementos con Intro o Espacio, ci\u00e9rralos con Escape y navega con las fechas.\">\n\t\t\t<div class=\"e-n-tabs-heading\" role=\"tablist\">\n\t\t\t\t\t<button id=\"e-n-tab-title-1332490191\" data-tab-title-id=\"e-n-tab-title-1332490191\" class=\"e-n-tab-title\" aria-selected=\"true\" data-tab-index=\"1\" role=\"tab\" tabindex=\"0\" aria-controls=\"e-n-tab-content-1332490191\" style=\"--n-tabs-title-order: 1;\">\n\t\t\t\t\t\t<span class=\"e-n-tab-title-text\">\n\t\t\t\t2025\t\t\t<\/span>\n\t\t<\/button>\n\t\t\t\t<button id=\"e-n-tab-title-1332490192\" data-tab-title-id=\"e-n-tab-title-1332490192\" class=\"e-n-tab-title\" aria-selected=\"false\" data-tab-index=\"2\" role=\"tab\" tabindex=\"-1\" aria-controls=\"e-n-tab-content-1332490192\" style=\"--n-tabs-title-order: 2;\">\n\t\t\t\t\t\t<span class=\"e-n-tab-title-text\">\n\t\t\t\t2024\t\t\t<\/span>\n\t\t<\/button>\n\t\t\t\t<button id=\"e-n-tab-title-1332490193\" data-tab-title-id=\"e-n-tab-title-1332490193\" class=\"e-n-tab-title\" aria-selected=\"false\" data-tab-index=\"3\" role=\"tab\" tabindex=\"-1\" aria-controls=\"e-n-tab-content-1332490193\" style=\"--n-tabs-title-order: 3;\">\n\t\t\t\t\t\t<span class=\"e-n-tab-title-text\">\n\t\t\t\t2023\t\t\t<\/span>\n\t\t<\/button>\n\t\t\t\t<button id=\"e-n-tab-title-1332490194\" data-tab-title-id=\"e-n-tab-title-1332490194\" class=\"e-n-tab-title\" aria-selected=\"false\" data-tab-index=\"4\" role=\"tab\" tabindex=\"-1\" aria-controls=\"e-n-tab-content-1332490194\" style=\"--n-tabs-title-order: 4;\">\n\t\t\t\t\t\t<span class=\"e-n-tab-title-text\">\n\t\t\t\t2022\t\t\t<\/span>\n\t\t<\/button>\n\t\t\t\t<button id=\"e-n-tab-title-1332490195\" data-tab-title-id=\"e-n-tab-title-1332490195\" class=\"e-n-tab-title\" aria-selected=\"false\" data-tab-index=\"5\" role=\"tab\" tabindex=\"-1\" aria-controls=\"e-n-tab-content-1332490195\" style=\"--n-tabs-title-order: 5;\">\n\t\t\t\t\t\t<span class=\"e-n-tab-title-text\">\n\t\t\t\t2021\t\t\t<\/span>\n\t\t<\/button>\n\t\t\t\t\t<\/div>\n\t\t\t<div class=\"e-n-tabs-content\">\n\t\t\t\t<div id=\"e-n-tab-content-1332490191\" role=\"tabpanel\" aria-labelledby=\"e-n-tab-title-1332490191\" data-tab-index=\"1\" style=\"--n-tabs-title-order: 1;\" class=\"e-active elementor-element elementor-element-14eb629 e-flex e-con-boxed e-con e-child\" data-id=\"14eb629\" data-element_type=\"container\">\n\t\t\t\t\t<div class=\"e-con-inner\">\n\t\t\t\t<div class=\"elementor-element elementor-element-6b538e9 elementor-widget elementor-widget-image\" data-id=\"6b538e9\" data-element_type=\"widget\" data-widget_type=\"image.default\">\n\t\t\t\t<div class=\"elementor-widget-container\">\n\t\t\t\t\t\t\t\t\t\t\t\t\t\t\t<img fetchpriority=\"high\" decoding=\"async\" width=\"950\" height=\"251\" src=\"https:\/\/zonales.quito.gob.ec\/wp-content\/uploads\/Rendicion-de-cuentas-2025-Color.png\" class=\"attachment-full size-full wp-image-353086\" alt=\"\" \/>\t\t\t\t\t\t\t\t\t\t\t\t\t\t\t<\/div>\n\t\t\t\t<\/div>\n\t\t\t\t<div class=\"elementor-element elementor-element-1d85d97 elementor-widget elementor-widget-text-editor\" data-id=\"1d85d97\" data-element_type=\"widget\" data-widget_type=\"text-editor.default\">\n\t\t\t\t<div class=\"elementor-widget-container\">\n\t\t\t\t\t\t\t\t\t<table width=\"934\">\n<tbody>\n<tr>\n<td style=\"text-align: center;\" colspan=\"3\" width=\"934\">&nbsp;<\/td>\n<\/tr>\n<tr>\n<td width=\"249\"><strong>Instituci\u00f3n:&nbsp;<\/strong><\/td>\n<td colspan=\"2\" width=\"685\">&nbsp;Administraci\u00f3n Zonal La Mariscal&nbsp;<\/td>\n<\/tr>\n<tr>\n<td width=\"249\"><strong>Registro \u00danico de Contribuyente (RUC):&nbsp;&nbsp;<\/strong><\/td>\n<td colspan=\"2\" width=\"685\">1760003410001<\/td>\n<\/tr>\n<tr>\n<td width=\"249\"><strong>Per\u00edodo de rendici\u00f3n de cuentas:<\/strong><\/td>\n<td colspan=\"2\" width=\"685\">1 de enero al 31 de diciembre de 2025<\/td>\n<\/tr>\n<tr>\n<td width=\"249\"><strong>Cargo y nombre de representante legal de la Entidad:<\/strong><\/td>\n<td colspan=\"2\" width=\"685\">&nbsp;Administrador Zonal La Mariscal, Leandro Buratovich<\/td>\n<\/tr>\n<tr>\n<td rowspan=\"2\" width=\"249\"><strong>Equipo interno encargado de la RDC (2025):<\/strong><\/td>\n<td colspan=\"2\" width=\"685\">&nbsp;Directora Zonal de Participaci\u00f3n Ciudadana, Gianina Moreno<br>&nbsp;Jefe Zonal de Planificaci\u00f3n, Diego Salazar<br>&nbsp;Jefe Zonal de Comunicaci\u00f3n, Dennis Torres<br>&nbsp;Director Zonal Administrativo Financiero, Christian Sarzoza<br><br><\/td>\n<\/tr>\n<tr>\n<td colspan=\"2\" width=\"685\"><a href=\"https:\/\/zonales.quito.gob.ec\/wp-content\/uploads\/1.-GADDMQ-AZLM-2026-0070-M-equipo-RC.pdf\">Delegaci\u00f3n Equipo institucional&nbsp;<\/a><\/td>\n<\/tr>\n<tr>\n<td width=\"249\"><strong>Funci\u00f3n a la que pertenece:<\/strong><\/td>\n<td colspan=\"2\" width=\"685\">Gobierno Aut\u00f3nomo Descentralizado del Distrito Metropolitano de Quito<\/td>\n<\/tr>\n<\/tbody>\n<\/table>\n<table width=\"934\">\n<tbody>\n<tr>\n<td style=\"text-align: center;\" colspan=\"3\" width=\"934\"><strong>FASE 1: PLANIFICACI\u00d3N Y FACILITACI\u00d3N DEL PROCESO DESDE LA ASAMBLEA LOCAL<\/strong><\/td>\n<\/tr>\n<tr>\n<td width=\"249\"><strong>Cumplimiento Fase 1<\/strong><\/td>\n<td width=\"337\"><strong>Respaldo<\/strong><\/td>\n<td width=\"348\">Enlace para acceder al respaldo<\/td>\n<\/tr>\n<tr>\n<td rowspan=\"5\" width=\"249\">Documentos de la instituci\u00f3n<\/td>\n<td width=\"337\">Plan Metropolitano de Desarrollo PMDOT<\/td>\n<td width=\"348\"><a href=\"https:\/\/zonales.quito.gob.ec\/wp-content\/uploads\/2.-PMDOT-2024-2033.pdf\">PMDOT<\/a><\/td>\n<\/tr>\n<tr>\n<td width=\"337\">Plan Operativo Anual (POA inicial y cierre)<\/td>\n<td width=\"348\"><a href=\"https:\/\/zonales.quito.gob.ec\/wp-content\/uploads\/3.-POA-2025-inicial-y-final.pdf\">POA (inicial 2025)<br>POA (final 2025)<\/a><\/td>\n<\/tr>\n<tr>\n<td width=\"337\">Presupuesto institucional (inicial y cierre).<\/td>\n<td width=\"348\"><a href=\"https:\/\/zonales.quito.gob.ec\/wp-content\/uploads\/6.-Presupuesto-inicial.pdf\">Presupuesto institucional (inicial 2025)<\/a><br><a href=\"https:\/\/zonales.quito.gob.ec\/wp-content\/uploads\/5.-Presupuesto-final.pdf\">Presupuesto institucional (final 2025)<\/a><\/td>\n<\/tr>\n<tr>\n<td width=\"337\">Oferta de campa\u00f1a (CNE) Alcalde&nbsp;<\/td>\n<td width=\"348\"><a href=\"https:\/\/zonales.quito.gob.ec\/wp-content\/uploads\/4.-Plan_de_gobierno_2023-2027-Pabel-2.pdf\">Plan de campa\u00f1a Alcalde<\/a><\/td>\n<\/tr>\n<tr>\n<td width=\"337\">Competencias de la instituci\u00f3n<\/td>\n<td width=\"348\"><a href=\"https:\/\/zonales.quito.gob.ec\/wp-content\/uploads\/7.-Lista-de-competencias.pdf\">Lista de competencias de la instituci\u00f3n<\/a><\/td>\n<\/tr>\n<tr>\n<td rowspan=\"2\" width=\"249\">Sustento de la recepci\u00f3n del listado de temas sobre los cuales la ciudadan\u00eda solicita que se rinda cuentas<\/td>\n<td width=\"337\">Convocatoria ciudadana (consulta de temas)<\/td>\n<td width=\"348\"><a href=\"https:\/\/zonales.quito.gob.ec\/wp-content\/uploads\/8.-Convocatoria-e-invitacion-consultas-ciudadanas-2025.pdf\">Convocatoria a la ciudadan\u00eda para acordar temas<\/a><\/td>\n<\/tr>\n<tr>\n<td width=\"337\">Acta de la reuni\u00f3n de consulta a la ciudadan\u00eda<br>Listado de temas entregados a la instituci\u00f3n<\/td>\n<td width=\"348\"><a href=\"https:\/\/zonales.quito.gob.ec\/wp-content\/uploads\/9.-Acta-de-reunion-y-listado-de-temas-entregados-por-la-ciudadania.pdf\">Acta de reuni\u00f3n y listado de temas entregados por la ciudadan\u00eda<\/a><\/td>\n<\/tr>\n<tr>\n<td width=\"249\">Sustento de la conformaci\u00f3n del equipo t\u00e9cnico mixto para organizar y facilitar el proceso de rendici\u00f3n de cuentas<\/td>\n<td width=\"337\">*Acta de conformaci\u00f3n del Equipo t\u00e9cnico mixto&nbsp;<\/td>\n<td width=\"348\"><a href=\"https:\/\/zonales.quito.gob.ec\/wp-content\/uploads\/10.-Conformacion-de-comisiones-mixtas.pdf\">Conformaci\u00f3n comisiones mixtas<\/a><\/td>\n<\/tr>\n<\/tbody>\n<\/table>\n<table width=\"934\">\n<tbody>\n<tr>\n<td style=\"text-align: center;\" colspan=\"3\" width=\"934\"><strong>FASE 2 &#8211; EVALUACI\u00d3N DE LA GESTI\u00d3N Y ELABORACI\u00d3N DEL INFORME INSTITUCIONAL<\/strong><\/td>\n<\/tr>\n<tr>\n<td width=\"249\"><strong>Cumplimiento Fase 2<\/strong><\/td>\n<td width=\"337\"><strong>Respaldo<\/strong><\/td>\n<td width=\"348\"><strong>Enlace para acceder al respaldo<\/strong><\/td>\n<\/tr>\n<tr>\n<td rowspan=\"6\" width=\"249\">&nbsp;Sustento de la entrega del informe<br>preliminar y formulario de rendici\u00f3n de cuentas institucional con 10 d\u00edas t\u00e9rmino de antelaci\u00f3n a la deliberaci\u00f3n p\u00fablica a la Asamblea Local Ciudadana o quien haga sus veces<\/td>\n<td width=\"337\">Actas de reuniones de la Comisi\u00f3n mixta 1 (encargada de la elaboraci\u00f3n del informe)<\/td>\n<td width=\"348\">Acta reuni\u00f3n Comisi\u00f3n mixta 1<\/td>\n<\/tr>\n<tr>\n<td width=\"337\">Informe de RDC aprobado por la m\u00e1xima autoridad de la entidad.<\/td>\n<td width=\"348\">Informe narrativo RDC<\/td>\n<\/tr>\n<tr>\n<td width=\"337\">Formulario RDC preliminar (Excel con v\u00ednculos habilitados)<\/td>\n<td width=\"348\">Formulario RDC preliminar<\/td>\n<\/tr>\n<tr>\n<td width=\"337\">Aprobaci\u00f3n del informe por parte de la m\u00e1xima autoridad de la instituci\u00f3n<\/td>\n<td width=\"348\">Aprobaci\u00f3n del informe&nbsp;<\/td>\n<\/tr>\n<tr>\n<td width=\"337\">Acta de entrega previa del informe a la Asamblea Local o quien haga sus veces (representantes ciudadan\u00eda)<\/td>\n<td width=\"348\">\n<p>Acta entrega de informe a la ciudadan\u00eda<\/p>\n<p>Fecha de entrega \/ recepci\u00f3n: 00 de mes de 2026<\/p>\n<\/td>\n<\/tr>\n<tr>\n<td width=\"337\">Actas de reuniones de la Comisi\u00f3n mixta 2 (encargada del evento de deliberaci\u00f3n p\u00fablica)<\/td>\n<td width=\"348\">Acta reuni\u00f3n Comisi\u00f3n mixta 2<\/td>\n<\/tr>\n<\/tbody>\n<\/table>\n<table width=\"934\">\n<tbody>\n<tr>\n<td style=\"text-align: center;\" colspan=\"3\" width=\"934\"><strong>FASE 3 &#8211; DELIBERACI\u00d3N P\u00daBLICA Y EVALUACI\u00d3N CIUDADANA DEL INFORME INSTITUCIONAL<\/strong><\/td>\n<\/tr>\n<tr>\n<td width=\"249\"><strong>Cumplimiento Fase 3<\/strong><\/td>\n<td width=\"337\"><strong>Respaldo<\/strong><\/td>\n<td width=\"348\"><strong>Enlace para acceder al respaldo<\/strong><\/td>\n<\/tr>\n<tr>\n<td rowspan=\"4\" width=\"249\">Sustento de la difusi\u00f3n del informe de RDC y la convocatoria al evento deliberativo&nbsp;<\/td>\n<td width=\"337\">Evidencia de la difusi\u00f3n previa del informe de RDC aprobado<\/td>\n<td width=\"348\">Difusi\u00f3n del informe de RDC aprobado<\/td>\n<\/tr>\n<tr>\n<td rowspan=\"3\" width=\"337\">Convocatoria a la deliberaci\u00f3n p\u00fablica y evaluaci\u00f3n ciudadana<\/td>\n<td width=\"348\">Convocatoria p\u00fablica a evento<\/td>\n<\/tr>\n<tr>\n<td width=\"348\">Fecha evento deliberativo: 00 de mes de 2026<\/td>\n<\/tr>\n<tr>\n<td width=\"348\">Invitaciones directas<\/td>\n<\/tr>\n<tr>\n<td rowspan=\"2\" width=\"249\">Sustento de la intervenci\u00f3n de la<br>Asamblea Local Ciudadana o de quien cumpli\u00f3 sus veces, como parte de la agenda de la deliberaci\u00f3n p\u00fablica<\/td>\n<td rowspan=\"2\" width=\"337\">Constancia de que la Asamblea Ciudadana Local (representantes ciudadanos) eval\u00faa el informe de Rendici\u00f3n de Cuentas (intervenci\u00f3n en el evento)<\/td>\n<td width=\"348\">Orden del d\u00eda<\/td>\n<\/tr>\n<tr>\n<td width=\"348\">Grabaci\u00f3n evento deliberativo<\/td>\n<\/tr>\n<tr>\n<td width=\"249\">Sustento de la realizaci\u00f3n de mesas de trabajo durante el espacio deliberativo<\/td>\n<td width=\"337\">Constancia de la realizaci\u00f3n de las mesas de trabajo y acta de compromisos<\/td>\n<td width=\"348\">Reporte de la deliberaci\u00f3n p\u00fablica<\/td>\n<\/tr>\n<\/tbody>\n<\/table>\n<table width=\"934\">\n<tbody>\n<tr>\n<td style=\"text-align: center;\" colspan=\"3\" width=\"934\"><strong>FASE 4 -INCORPORACI\u00d3N DE LA OPINI\u00d3N CIUDADANA, RETROALIMENTACI\u00d3N Y SEGUIMIENTO<\/strong><\/td>\n<\/tr>\n<tr>\n<td width=\"249\"><strong>Cumplimiento Fase 4<\/strong><\/td>\n<td width=\"337\"><strong>Respaldo<\/strong><\/td>\n<td width=\"348\"><strong>Enlace para acceder al respaldo<\/strong><\/td>\n<\/tr>\n<tr>\n<td width=\"249\">Sustento de la elaboraci\u00f3n del Plan de trabajo incorporando las recomendaciones ciudadanas a su gesti\u00f3n<\/td>\n<td width=\"337\">Plan de Trabajo que recoja las sugerencias y recomendaciones de la ciudadan\u00eda para implementarlas en la gesti\u00f3n de la instituci\u00f3n<\/td>\n<td width=\"348\">Plan de trabajo<\/td>\n<\/tr>\n<tr>\n<td rowspan=\"3\" width=\"249\">\n<p>Sustento de&nbsp; la entrega del<br>plan de trabajo a la Asamblea Local Ciudadana o quien cumple sus veces, con su respectivo recibido<\/p>\n<\/td>\n<td rowspan=\"4\" width=\"337\">Constancia de entrega del Plan de Trabajo a: <br>* Asamblea Local Ciudadana o quien cumpli\u00f3 sus funciones<br>*Consejo de Planificaci\u00f3n<br>*CPCCS<\/td>\n<td width=\"348\">Oficio entrega plan de trabajo a la Asamblea Ciudadana<\/td>\n<\/tr>\n<tr>\n<td width=\"348\">Oficio entrega plan de trabajo al Consejo de Planificaci\u00f3n<\/td>\n<\/tr>\n<tr>\n<td width=\"348\">\n<p>Constancia entrega plan de trabajo al CPCCS:<\/p>\n<p>Formulario RDC final c\u00f3digo QR<\/p>\n<\/td>\n<\/tr>\n<tr>\n<td width=\"249\">Sustento de que la entidad present\u00f3 su informe de rendici\u00f3n<br>de cuentas dentro del plazo correspondiente para el proceso<\/td>\n<td width=\"348\">\n<p>Fecha de finalizaci\u00f3n: 00 de mes de 2026<\/p>\n<p>Correo notificaci\u00f3n finalizaci\u00f3n<\/p>\n<\/td>\n<\/tr>\n<tr>\n<td width=\"249\">Sustento de que se cumplieron las<br>recomendaciones del a\u00f1o anterior<\/td>\n<td width=\"337\">Constancia de cumplimiento de las recomendaciones del a\u00f1o anterior <br>(Acta de compromisos y Plan de trabajo)<\/td>\n<td width=\"348\">Informe de cumplimiento<\/td>\n<\/tr>\n<\/tbody>\n<\/table>\t\t\t\t\t\t\t\t<\/div>\n\t\t\t\t<\/div>\n\t\t\t\t\t<\/div>\n\t\t\t\t<\/div>\n\t\t<div id=\"e-n-tab-content-1332490192\" role=\"tabpanel\" aria-labelledby=\"e-n-tab-title-1332490192\" data-tab-index=\"2\" style=\"--n-tabs-title-order: 2;\" class=\" elementor-element elementor-element-1d85e5a e-flex e-con-boxed e-con e-child\" data-id=\"1d85e5a\" data-element_type=\"container\">\n\t\t\t\t\t<div class=\"e-con-inner\">\n\t\t\t\t<div class=\"elementor-element elementor-element-641da48 elementor-widget elementor-widget-image\" data-id=\"641da48\" data-element_type=\"widget\" data-widget_type=\"image.default\">\n\t\t\t\t<div class=\"elementor-widget-container\">\n\t\t\t\t\t\t\t\t\t\t\t\t\t\t\t<img decoding=\"async\" width=\"2560\" height=\"650\" src=\"https:\/\/zonales.quito.gob.ec\/wp-content\/uploads\/rendicion-2024-scaled.png\" class=\"attachment-full size-full wp-image-280982\" alt=\"\" srcset=\"https:\/\/zonales.quito.gob.ec\/wp-content\/uploads\/rendicion-2024-scaled.png 2560w, https:\/\/zonales.quito.gob.ec\/wp-content\/uploads\/rendicion-2024-1024x260.png 1024w, https:\/\/zonales.quito.gob.ec\/wp-content\/uploads\/rendicion-2024-768x195.png 768w, https:\/\/zonales.quito.gob.ec\/wp-content\/uploads\/rendicion-2024-1536x390.png 1536w, https:\/\/zonales.quito.gob.ec\/wp-content\/uploads\/rendicion-2024-2048x520.png 2048w\" sizes=\"(max-width: 2560px) 100vw, 2560px\" \/>\t\t\t\t\t\t\t\t\t\t\t\t\t\t\t<\/div>\n\t\t\t\t<\/div>\n\t\t\t\t<div class=\"elementor-element elementor-element-33c2724 elementor-widget elementor-widget-text-editor\" data-id=\"33c2724\" data-element_type=\"widget\" data-widget_type=\"text-editor.default\">\n\t\t\t\t<div class=\"elementor-widget-container\">\n\t\t\t\t\t\t\t\t\t<table width=\"557\">\n<tbody>\n<tr>\n<td width=\"118\"><span style=\"color: #000000;\"><strong>Instituci\u00f3n:&nbsp;<\/strong><\/span><\/td>\n<td style=\"text-align: center;\" colspan=\"2\" width=\"439\"><span style=\"color: #000000;\"><b>Administraci\u00f3n Zonal La Mariscal<\/b><\/span><\/td>\n<\/tr>\n<tr>\n<td width=\"118\">Registro \u00danico de Contribuyente (RUC):<\/td>\n<td style=\"text-align: center;\" colspan=\"2\" width=\"439\">&nbsp; 176000341001<\/td>\n<\/tr>\n<tr>\n<td width=\"118\">Per\u00edodo de rendici\u00f3n de cuentas:<\/td>\n<td style=\"text-align: center;\" colspan=\"2\" width=\"439\">2024<\/td>\n<\/tr>\n<tr>\n<td width=\"118\">Cargo y nombre de representante legal de la Entidad:<\/td>\n<td style=\"text-align: center;\" colspan=\"2\" width=\"439\">&nbsp;Administrador Zonal, Leandro Buratovich<\/td>\n<\/tr>\n<tr>\n<td width=\"118\">Equipo encargado de la RDC (2024):<\/td>\n<td colspan=\"2\" width=\"439\">Directora de Participaci\u00f3n Ciudadana, Giananina Moreno<br>Directora de Asesor\u00eda Jur\u00eddica, Daniela Moreno<br>Director Administrativo Financiero, Christian Sarzoza<br>Jefe Zonal de Planificaci\u00f3n, Diego Salazar<br>Jefe Unidad Zonal de Comunicaci\u00f3n, Dennis Torres<br>Jefe Unidad de TICS, Iv\u00e1n Aguas<br><a href=\"https:\/\/zonales.quito.gob.ec\/wp-content\/uploads\/GADDMQ-AZLM-2025-0296-M-2.pdf\">Delegaci\u00f3n equipo institucional<\/a><\/td>\n<\/tr>\n<tr>\n<td width=\"118\">GAD: Municipio del Distrito Metropolitano de Quito<\/td>\n<td colspan=\"2\" width=\"439\"><a href=\"https:\/\/www.quito.gob.ec\/?page_id=10849\">Rendici\u00f3n de cuentas 2024 MDMQ<\/a><\/td>\n<\/tr>\n<\/tbody>\n<\/table>\n<table width=\"557\">\n<tbody>\n<tr>\n<td style=\"text-align: center;\" colspan=\"3\" width=\"557\"><span style=\"color: #000000;\"><strong>FASE 1: PLANIFICACI\u00d3N Y FACILITACI\u00d3N DEL PROCESO<\/strong><\/span><\/td>\n<\/tr>\n<tr>\n<td style=\"text-align: center;\" width=\"118\"><strong>Momento de la Fase<\/strong><\/td>\n<td style=\"text-align: center;\" width=\"324\"><strong>Respaldo<\/strong><\/td>\n<td style=\"text-align: center;\" width=\"115\"><strong>Enlace para acceder al respaldo<\/strong><\/td>\n<\/tr>\n<tr>\n<td width=\"118\">1. Organizaci\u00f3n del proceso<\/td>\n<td width=\"324\">*Convocatoria ciudadana (consulta de temas)<br>*Acta y registro de participantes<\/td>\n<td width=\"115\">\n<p><a href=\"https:\/\/zonales.quito.gob.ec\/wp-content\/uploads\/Consulta-ciudadana-RDC-2024.pdf\"><span style=\"text-decoration: underline;\">Convocatoria a la ciudadan\u00eda<\/span><\/a><\/p>\n<p><span style=\"text-decoration: underline;\"><a href=\"https:\/\/zonales.quito.gob.ec\/wp-content\/uploads\/REGISTRO-DE-ASISTENCIA-CONSULTAS-CIUDADANAS.pdf\">Acta y registro de participantes<\/a><\/span><\/p>\n<\/td>\n<\/tr>\n<tr>\n<td width=\"118\">2. Consulta ciudadana<\/td>\n<td width=\"324\">*Plan Metropolitano de Desarrollo PMDOT<br>*Plan Operativo Anual (POA inicial y cierre)<br>*Presupuesto institucional (inicial y cierre).<br>*Oferta de campa\u00f1a (CNE) Alcalde<br>*Listado de temas alineados a las competencias municipales para la RDC<\/td>\n<td width=\"115\">\n<p><span style=\"text-decoration: underline;\"><a href=\"https:\/\/www.quito.gob.ec\/wp-content\/uploads\/2025\/04\/1.-PMDOT-2024-2033.pdf\">PMDOT&nbsp;2024 &#8211; 2033<\/a><\/span><\/p>\n<p><span style=\"text-decoration: underline;\"><a href=\"https:\/\/gobiernoabierto.quito.gob.ec\/Archivos\/RC2024MDMQ\/PMDOT\/PMDOT%202021-2033.pdf\">PMDOT 2021 &#8211; 2033<\/a><\/span><\/p>\n<p><span style=\"text-decoration: underline;\"><a href=\"https:\/\/zonales.quito.gob.ec\/wp-content\/uploads\/POA-AZLM-2024-2-12-signed-signed-signed.pdf\">POA 2024<\/a><\/span><\/p>\n<p><span style=\"text-decoration: underline;\"><a href=\"https:\/\/zonales.quito.gob.ec\/wp-content\/uploads\/12.-REPORTE-Articulo-No.-6-Resolucion-No.-A-003-2021-AETLM-DICIEMBRE-signed-signed.pdf\">Presupuesto institucional 2024<\/a><\/span><\/p>\n<p><span style=\"text-decoration: underline;\"><a href=\"https:\/\/zonales.quito.gob.ec\/wp-content\/uploads\/4.-Plan_de_gobierno_2023-2027-Pabel.pdf\">Plan Alcalde<\/a><\/span><\/p>\n<p><span style=\"text-decoration: underline;\"><a href=\"https:\/\/zonales.quito.gob.ec\/wp-content\/uploads\/modelo_de_gestion_dmq_07_03_2024_v5.0-1-1.pdf\">Competencias de la entidad<\/a><\/span><\/p>\n<\/td>\n<\/tr>\n<tr>\n<td width=\"118\">3. Entrega de temas para que el GAD \/ Entidad rinda cuentas<\/td>\n<td width=\"324\">*Listado de temas entregados al GAD \/ Entidad (resultado de la consulta a la<span style=\"text-decoration: underline;\"> ciudadan\u00eda).<\/span><\/td>\n<td width=\"115\"><span style=\"text-decoration: underline;\"><a href=\"https:\/\/zonales.quito.gob.ec\/wp-content\/uploads\/ACTA-CONSULTAS-CIUDADANAS.pdf\">Listado temas entregados por la ciudadan\u00eda<\/a><\/span><\/td>\n<\/tr>\n<tr>\n<td rowspan=\"2\" width=\"118\">4. Instancia de participaci\u00f3n<\/td>\n<td width=\"324\">*Conformaci\u00f3n de las comisiones mixtas (integrantes y responsables)<\/td>\n<td width=\"115\"><span style=\"text-decoration: underline;\"><a href=\"https:\/\/zonales.quito.gob.ec\/wp-content\/uploads\/CONFORMACION-DE-COMISIONES-MIXTAS.pdf\">Conformaci\u00f3n comisiones mixtas<\/a><\/span><\/td>\n<\/tr>\n<tr>\n<td width=\"324\">*Actas de reuniones de la Comisi\u00f3n mixta 1 (encargada de la elaboraci\u00f3n del informe)<br>*Actas de reuniones de la Comisi\u00f3n mixta 2 (encargada del evento de deliberaci\u00f3n p\u00fablica)<br>*Metodolog\u00eda de las mesas de trabajo (para evento de deliberaci\u00f3n p\u00fablica)<\/td>\n<td width=\"115\">\n<p><span style=\"text-decoration: underline;\"><a href=\"https:\/\/zonales.quito.gob.ec\/wp-content\/uploads\/ACTAS-COMISIONES.pdf\">Acta reuni\u00f3n Comisi\u00f3n mixta 1<\/a><\/span><\/p>\n<p><span style=\"text-decoration: underline;\"><a href=\"https:\/\/zonales.quito.gob.ec\/wp-content\/uploads\/ACTAS-COMISIONES.pdf\">Acta reuni\u00f3n Comisi\u00f3n mixta 2<\/a><\/span><\/p>\n<p><span style=\"text-decoration: underline;\"><a href=\"https:\/\/zonales.quito.gob.ec\/wp-content\/uploads\/CONVOCATORIA-A-CONFORMACION-DE-COMISONES.pdf\">Metodolog\u00eda mesas de trabajo evento<\/a><\/span><\/p>\n<\/td>\n<\/tr>\n<\/tbody>\n<\/table>\n<table width=\"557\">\n<tbody>\n<tr>\n<td style=\"text-align: center;\" colspan=\"3\" width=\"557\"><span style=\"color: #000000;\"><strong>FASE 2 &#8211; EVALUACI\u00d3N DE LA GESTI\u00d3N Y ELABORACI\u00d3N DEL INFORME DE RENDICI\u00d3N DE CUENTAS<\/strong><\/span><\/td>\n<\/tr>\n<tr>\n<td style=\"text-align: center;\" width=\"118\"><strong>Momento de la Fase<\/strong><\/td>\n<td style=\"text-align: center;\" width=\"324\"><strong>Respaldo<\/strong><\/td>\n<td style=\"text-align: center;\" width=\"115\"><strong>Enlace para acceder al respaldo<\/strong><\/td>\n<\/tr>\n<tr>\n<td rowspan=\"4\" width=\"118\">Evaluaci\u00f3n de la gesti\u00f3n y elaboraci\u00f3n del informe de rendici\u00f3n de cuentas<\/td>\n<td width=\"324\">1. Evaluaci\u00f3n de la gesti\u00f3n institucional<br>Informe de RDC aprobado por la m\u00e1xima autoridad de la entidad.<\/td>\n<td width=\"115\"><span style=\"text-decoration: underline;\"><a href=\"https:\/\/zonales.quito.gob.ec\/wp-content\/uploads\/Informe_de_gestion_del_ano_fiscal_2024_Adm_Zonal_La_Mariscal-LPRR-signed-signed.pdf\">Informe narrativo RDC<\/a><\/span><\/td>\n<\/tr>\n<tr>\n<td width=\"324\">2. Llenado formulario RDC del CPCCS<br>Formulario RDC preliminar (Excel con v\u00ednculos habilitados)<\/td>\n<td width=\"115\"><span style=\"text-decoration: underline;\"><a href=\"https:\/\/zonales.quito.gob.ec\/wp-content\/uploads\/FORMULARIO-PRELIMINAR-LA-MARISCAL-1.xlsx\">Formulario RDC preliminar<\/a><\/span><\/td>\n<\/tr>\n<tr>\n<td width=\"324\">3. Aprobaci\u00f3n del informe por el GAD \/ Entidad<\/td>\n<td width=\"115\"><span style=\"text-decoration: underline;\"><a href=\"https:\/\/zonales.quito.gob.ec\/wp-content\/uploads\/Informe_de_gestion_del_ano_fiscal_2024_Adm_Zonal_La_Mariscal-LPRR-signed-signed.pdf\">Aprobaci\u00f3n del informe&nbsp;<\/a><\/span><\/td>\n<\/tr>\n<tr>\n<td width=\"324\">4. Entrega previa del informe a la Asamblea Local (representantes ciudadan\u00eda)<\/td>\n<td width=\"115\"><span style=\"text-decoration: underline;\"><a href=\"https:\/\/zonales.quito.gob.ec\/wp-content\/uploads\/Entrega-del-informe-ciudadania.pdf\">Acta entrega de informe a la ciudadan\u00eda<\/a><\/span><\/td>\n<\/tr>\n<\/tbody>\n<\/table>\n<table width=\"557\">\n<tbody>\n<tr>\n<td style=\"text-align: center;\" colspan=\"3\" width=\"557\"><span style=\"color: #333333;\"><strong>FASE 3 &#8211; DELIBERACI\u00d3N P\u00daBLICA Y EVALUACI\u00d3N CIUDADANA DEL INFORME DE RENDICI\u00d3N DE CUENTAS<\/strong><\/span><\/td>\n<\/tr>\n<tr>\n<td style=\"text-align: center;\" width=\"118\"><strong><span style=\"color: #333333;\">Momento de la Fase<\/span><\/strong><\/td>\n<td style=\"text-align: center;\" width=\"324\"><strong><span style=\"color: #333333;\">Respaldo<\/span><\/strong><\/td>\n<td style=\"text-align: center;\" width=\"115\"><strong><span style=\"color: #333333;\">Enlace para acceder al respald<\/span><span style=\"color: #333333;\">o<\/span><\/strong><\/td>\n<\/tr>\n<tr>\n<td rowspan=\"3\" width=\"118\"><span style=\"color: #333333;\">Deliberaci\u00f3n p\u00fablica y evaluaci\u00f3n ciudadana del informe de rendici\u00f3n de cuentas<\/span><\/td>\n<td width=\"324\"><span style=\"color: #333333;\">1.&nbsp; La Asamblea Ciudadana Local (representantes ciudadanos) eval\u00faa el informe de Rendici\u00f3n de Cuentas (intervenci\u00f3n en el evento)<\/span><\/td>\n<td width=\"115\">\n<p><span style=\"text-decoration: underline;\"><span style=\"color: #333333; text-decoration: underline;\"><a href=\"https:\/\/zonales.quito.gob.ec\/wp-content\/uploads\/1-designacion-representante-rc-2024.pdf\">Nombre representante ciudadano<\/a><\/span><\/span><\/p>\n<p><span style=\"text-decoration: underline;\"><span style=\"color: #333333; text-decoration: underline;\"><a href=\"https:\/\/zonales.quito.gob.ec\/wp-content\/uploads\/Intervencion-del-Asambleista-Parroquial-de-Mariscal-Sucre-Jorge-Munoz.pdf\">Valoraci\u00f3n del representante ciudadano<\/a><\/span><\/span><\/p>\n<p><span style=\"text-decoration: underline;\"><span style=\"color: #333333; text-decoration: underline;\"><a href=\"https:\/\/zonales.quito.gob.ec\/wp-content\/uploads\/PPT_Rendicion-de-Cuentas-La-Mariscal.pdf\">Presentaci\u00f3n de la m\u00e1xima autoridad<\/a><\/span><\/span><\/p>\n<\/td>\n<\/tr>\n<tr>\n<td width=\"324\"><span style=\"color: #333333;\">2. Convocatoria a la deliberaci\u00f3n p\u00fablica y evaluaci\u00f3n ciudadana<\/span><\/td>\n<td width=\"115\">\n<p><span style=\"text-decoration: underline;\"><span style=\"color: #333333; text-decoration: underline;\"><a href=\"https:\/\/zonales.quito.gob.ec\/wp-content\/uploads\/Copia-de-POST-1-5.jpg\">Convocatoria p\u00fablica a evento<\/a><\/span><\/span><\/p>\n<p><span style=\"text-decoration: underline;\"><span style=\"color: #333333; text-decoration: underline;\"><a href=\"https:\/\/zonales.quito.gob.ec\/wp-content\/uploads\/2-invitaciones-directas.pdf\">Invitaciones directas<\/a><\/span><\/span><\/p>\n<\/td>\n<\/tr>\n<tr>\n<td width=\"324\"><span style=\"color: #333333;\">3. Deliberaci\u00f3n p\u00fablica y evaluaci\u00f3n ciudadana<\/span><br><span style=\"color: #333333;\">*Orden del d\u00eda del evento de deliberaci\u00f3n p\u00fablica <\/span><br><span style=\"color: #333333;\">*Enlace al video \/ grabaci\u00f3n del evento deliberativo<\/span><br><span style=\"color: #333333;\">*Reporte de la deliberaci\u00f3n p\u00fablica.<\/span><\/td>\n<td width=\"115\">\n<p><a href=\"https:\/\/zonales.quito.gob.ec\/wp-content\/uploads\/1-orden-del-dia.pdf\"><u>Orden del d\u00eda&nbsp;<\/u><\/a><\/p>\n<p><span style=\"text-decoration: underline;\"><span style=\"color: #333333; text-decoration: underline;\"><a href=\"https:\/\/drive.google.com\/file\/d\/1ZE_1PfGZW7BZH3EjsjRNxZl1dHrCAksV\/view?usp=drive_link\">Grabaci\u00f3n evento deliberativo<\/a><\/span><\/span><\/p>\n<p><span style=\"text-decoration: underline;\"><span style=\"color: #333333; text-decoration: underline;\"><a href=\"https:\/\/zonales.quito.gob.ec\/wp-content\/uploads\/2-REPORTE-RENDICION-DE-CUENTAS-2024-signed.pdf\">Reporte de la deliberaci\u00f3n p\u00fablica<\/a><\/span><\/span><\/p>\n<\/td>\n<\/tr>\n<\/tbody>\n<\/table>\n<table width=\"557\">\n<tbody>\n<tr>\n<td style=\"text-align: center;\" colspan=\"3\" width=\"557\"><span style=\"color: #333333;\"><strong>FASE 4 &#8211; INCORPORACI\u00d3N DE LA OPINI\u00d3N CIUDADANA, RETROALIMENTACI\u00d3N Y SEGUIMIENTO<\/strong><\/span><\/td>\n<\/tr>\n<tr>\n<td style=\"text-align: center;\" width=\"118\"><strong><span style=\"color: #333333;\">Momento de la Fase<\/span><\/strong><\/td>\n<td style=\"text-align: center;\" width=\"324\"><strong><span style=\"color: #333333;\">Respaldo<\/span><\/strong><\/td>\n<td style=\"text-align: center;\" width=\"115\"><strong><span style=\"color: #333333;\">Enlace para acceder al respaldo<\/span><\/strong><\/td>\n<\/tr>\n<tr>\n<td rowspan=\"2\" width=\"118\"><span style=\"color: #333333;\">Incorporaci\u00f3n de la opini\u00f3n ciudadana, retroalimentaci\u00f3n y seguimiento<\/span><\/td>\n<td width=\"324\"><span style=\"color: #333333;\">1. Incorporaci\u00f3n de opini\u00f3n ciudadana. Plan de trabajo.<\/span><\/td>\n<td width=\"115\"><span style=\"text-decoration: underline;\"><span style=\"color: #333333; text-decoration: underline;\"><a href=\"https:\/\/zonales.quito.gob.ec\/wp-content\/uploads\/1.-Plan-AZLM-signed-signed-signed.pdf\">Plan de trabajo<\/a><\/span><\/span><\/td>\n<\/tr>\n<tr>\n<td width=\"324\"><span style=\"color: #333333;\">2. Entrega del Informe de Rendici\u00f3n de Cuentas al CPCCS <\/span><br><span style=\"color: #333333;\">*Formulario final RDC que contiene el C\u00f3digo QR<\/span><br><span style=\"color: #333333;\">*Oficio o Acta entrega \/ recepci\u00f3n del plan de trabajo a la ciudadan\u00eda<\/span><br><span style=\"color: #333333;\">*Correo electr\u00f3nico de acuse recibo enviado por el CPCCS que contiene la fecha de finalizaci\u00f3n del registro de la RDC<\/span><\/td>\n<td width=\"115\">\n<p><span style=\"text-decoration: underline;\"><span style=\"color: #333333; text-decoration: underline;\"><a href=\"https:\/\/zonales.quito.gob.ec\/wp-content\/uploads\/Formulario-CPCCS.pdf\">Formulario RDC final c\u00f3digo QR<\/a><\/span><\/span><\/p>\n<p><span style=\"text-decoration: underline;\"><span style=\"color: #333333; text-decoration: underline;\"><a href=\"https:\/\/zonales.quito.gob.ec\/wp-content\/uploads\/2.-Entrega-plan-de-trabajo.pdf\">Acta entrega plan de trabajo<\/a><\/span><\/span><\/p>\n<p><span style=\"text-decoration: underline;\"><span style=\"color: #333333; text-decoration: underline;\"><a href=\"https:\/\/zonales.quito.gob.ec\/wp-content\/uploads\/Cooreo-confirmacion-RC-2024.pdf\">Correo acuse recibo finalizaci\u00f3n<\/a><\/span><\/span><\/p>\n<\/td>\n<\/tr>\n<\/tbody>\n<\/table>\t\t\t\t\t\t\t\t<\/div>\n\t\t\t\t<\/div>\n\t\t\t\t\t<\/div>\n\t\t\t\t<\/div>\n\t\t<div id=\"e-n-tab-content-1332490193\" role=\"tabpanel\" aria-labelledby=\"e-n-tab-title-1332490193\" data-tab-index=\"3\" style=\"--n-tabs-title-order: 3;\" class=\" elementor-element elementor-element-98d17f8 e-con-full e-flex e-con e-child\" data-id=\"98d17f8\" data-element_type=\"container\">\n\t\t\t\t<div class=\"elementor-element elementor-element-1104419 elementor-widget elementor-widget-text-editor\" data-id=\"1104419\" data-element_type=\"widget\" data-widget_type=\"text-editor.default\">\n\t\t\t\t<div class=\"elementor-widget-container\">\n\t\t\t\t\t\t\t\t\t<p><strong>Informe de rendici\u00f3n de cuentas de Alcald\u00eda (GAD MDMQ)<\/strong><\/p><ul><li><a href=\"https:\/\/www.quito.gob.ec\/documents\/rendicion_cuentas\/2023\/1.10.ord-002-2022-pmdot-pugs.pdf\" target=\"_blank\" rel=\"noopener\">Plan Metropolitano de Desarrollo y Ordenamiento territorial (PMDOT) 2021 \u2013 2033, con sus respectivos ap\u00e9ndices, aprobado mediante Ordenanza PMDOT-PUGS No. 001 \u2013 2021<\/a><\/li><li><u><a href=\"https:\/\/www.quito.gob.ec\/documents\/rendicion_cuentas\/2023\/6.4.cedula_de_gastos_presupuesto_prorrogado_2023.pdf\">Presupuesto institucional 2023<\/a><\/u><\/li><li><u><a href=\"https:\/\/www.quito.gob.ec\/documents\/rendicion_cuentas\/2023\/4.1.POA_2023-PRESUPUESTO_PRORROGADO.pdf\">Plan Operativo Anual (POA) 2023<\/a><\/u><\/li><li><u><a href=\"https:\/\/www.quito.gob.ec\/documents\/rendicion_cuentas\/2023\/3.1.plan_de_gobierno_2023-2027.pdf\">Plan de Gobierno &#8211; Campa\u00f1a Alcald\u00eda 2023 &#8211; 2027<\/a><\/u><\/li><li><a href=\"https:\/\/www.quito.gob.ec\/index.php\/rendicion-de-cuentas\/2022\">Rendici\u00f3n de cuentas 2022 del GAD MDMQ<\/a><\/li><li><u><a href=\"https:\/\/zonales.quito.gob.ec\/wp-content\/uploads\/CATASTRO.pdf\">Catastro Municipal 2023<\/a><\/u><\/li><\/ul><p><strong>Informe de rendici\u00f3n de cuentas de la Administraci\u00f3n Zonal La Mariscal (GAD MDMQ)<\/strong><\/p><ul><li><span style=\"text-decoration: underline;\"><a href=\"https:\/\/zonales.quito.gob.ec\/wp-content\/uploads\/ordenanza_presupuesto_prorrogado_pmu-008_publicar.pdf\">Presupuesto institucional 2023<\/a><\/span><\/li><li><span style=\"text-decoration: underline;\"><a href=\"https:\/\/zonales.quito.gob.ec\/wp-content\/uploads\/POA_PAI_2023_Actual_Administracion.pdf\">Plan Operativo Anual (POA) 2023<\/a><\/span><\/li><li><a href=\"https:\/\/zonales.quito.gob.ec\/wp-content\/uploads\/Inf_Gesrtion_Int_Ciudania_Formulario.pdf\">Informe Narrativo de Rendici\u00f3n de Cuentas\u00a0 2023<\/a><\/li><li><a href=\"https:\/\/zonales.quito.gob.ec\/wp-content\/uploads\/Invitacion-rendicion-de-cuentas.jpg\" target=\"_blank\" rel=\"noopener\">Convocatoria (invitaci\u00f3n) a la deliberaci\u00f3n p\u00fablica de rendici\u00f3n de cuentas 2023<\/a><\/li><li><span style=\"text-decoration: underline;\"><a href=\"https:\/\/fb.watch\/sb0ddu8EWf\/\">Evento deliberaci\u00f3n p\u00fablica rendici\u00f3n de cuentas 2023<\/a><\/span><\/li><li><span style=\"text-decoration: underline;\"><a href=\"https:\/\/zonales.quito.gob.ec\/wp-content\/uploads\/Informe-de-RC-La-Mariscal-CPCCS.pdf\">Informe de Rendici\u00f3n de Cuentas\u00a0 2023 registrado en la plataforma virtual del Consejo de Participaci\u00f3n Ciudadana y Control Social (CPCCS)<\/a><\/span><\/li><li><span style=\"text-decoration: underline;\"><a href=\"https:\/\/zonales.quito.gob.ec\/wp-content\/uploads\/Correo-entrega-Informe-RC-2023.pdf\">Correo de confirmaci\u00f3n de finalizaci\u00f3n del proceso de rendici\u00f3n de cuentas 2023 en la plataforma del CPCCS<\/a><\/span><\/li><li><a href=\"https:\/\/zonales.quito.gob.ec\/wp-content\/uploads\/PLAN-DE-TRABAJO-AZLM-2024.pdf\" target=\"_blank\" rel=\"noopener\">Plan de trabajo acciones de mejora<\/a><\/li><li><span style=\"text-decoration: underline;\"><a href=\"https:\/\/zonales.quito.gob.ec\/wp-content\/uploads\/Acta-entrega-Plan-de-trabajo.pdf\">Constancia de entrega de Plan de trabajo a representantes ciudadanos (Asamblea de Quito)<\/a><\/span><\/li><li><span style=\"text-decoration: underline;\">Orden del d\u00eda y Metodolog\u00eda evento de RDC comisi\u00f3n 2<\/span><\/li><\/ul><p><strong>Formulario de rendici\u00f3n de cuentas 2023<\/strong><\/p><ul><li><span style=\"text-decoration: underline;\"><a href=\"https:\/\/zonales.quito.gob.ec\/wp-content\/uploads\/CONFORMACION-DE-EQUIPO-RC.pdf\">Equipo Rendici\u00f3n de Cuentas\u00a0<\/a><\/span><\/li><li><span style=\"text-decoration: underline;\"><a href=\"https:\/\/zonales.quito.gob.ec\/wp-content\/uploads\/Hoja_de_ruta_rendicion_de_cuentas.pdf\">Hoja de ruta Rendici\u00f3n de Cuentas 2023<\/a><\/span><\/li><li><span style=\"text-decoration: underline;\"><a href=\"https:\/\/zonales.quito.gob.ec\/wp-content\/uploads\/CONFORMACION-DE-COMISIONES.pdf\">Conformaci\u00f3n de las dos comisiones mixtas (instituci\u00f3n y ciudadan\u00eda)<\/a><\/span><\/li><li><span style=\"text-decoration: underline;\"><a href=\"https:\/\/zonales.quito.gob.ec\/wp-content\/uploads\/2.3.1-INF-GESTION-INT-CIUDANIA-FORMU.pdf\">Aprobaci\u00f3n del formulario e informe narrativo del Proceso de Rendici\u00f3n de Cuentas 2023<\/a><\/span><\/li><li><span style=\"text-decoration: underline;\"><a href=\"https:\/\/zonales.quito.gob.ec\/wp-content\/uploads\/FORMULARIO-PRELIMINAR.pdf\">Formulario de Rendici\u00f3n de Cuentas base 2023<\/a><\/span><\/li><li><u><a href=\"https:\/\/zonales.quito.gob.ec\/wp-content\/uploads\/CONSOLIDADO-COMPRAS-PUBLICAS.pdf\">Procesos de contrataci\u00f3n p\u00fablica 2023<\/a><\/u><\/li><li><span style=\"text-decoration: underline;\"><a href=\"https:\/\/zonales.quito.gob.ec\/wp-content\/uploads\/CONSOLIDADO_RECOMENDACIONES_DICTAMENES.pdf\">Incorporaci\u00f3n de recomendaciones y dict\u00e1menes por parte de las entidades de la Funci\u00f3n de Transparencia y Control Social, la Procuradur\u00eda General del Estado y CEAACES<\/a><\/span><\/li><li><span style=\"text-decoration: underline;\"><a href=\"https:\/\/zonales.quito.gob.ec\/wp-content\/uploads\/CONSOLIDADO_RECOMENDACIONES_DICTAMENES-1.pdf\">Mecanismos de Control Social (no se ha realizado ning\u00fan mecanismo de control)<\/a><\/span><\/li><\/ul>\t\t\t\t\t\t\t\t<\/div>\n\t\t\t\t<\/div>\n\t\t\t\t<\/div>\n\t\t<div id=\"e-n-tab-content-1332490194\" role=\"tabpanel\" aria-labelledby=\"e-n-tab-title-1332490194\" data-tab-index=\"4\" style=\"--n-tabs-title-order: 4;\" class=\" elementor-element elementor-element-47ea699 e-con-full e-flex e-con e-child\" data-id=\"47ea699\" data-element_type=\"container\">\n\t\t\t\t<div class=\"elementor-element elementor-element-e2c2216 elementor-widget elementor-widget-text-editor\" data-id=\"e2c2216\" data-element_type=\"widget\" data-widget_type=\"text-editor.default\">\n\t\t\t\t<div class=\"elementor-widget-container\">\n\t\t\t\t\t\t\t\t\t<p><strong>Informe de rendici\u00f3n de cuentas de Alcald\u00eda (GAD MDMQ)<\/strong><\/p><ul><li><a href=\"https:\/\/quito.gob.ec\/documents\/rendicion_cuentas\/2022\/PMDOT_2021-2033.pdf\"><u>Plan Metropolitano de Desarrollo y Ordenamiento territorial (PMDOT) 2021 \u2013 2033, con sus respectivos ap\u00e9ndices, aprobado mediante Ordenanza PMDOT-PUGS No. 001 \u2013 2021<\/u><\/a><\/li><li><u>Presupuesto institucional 2022<\/u><\/li><li><a href=\"https:\/\/quito.gob.ec\/documents\/rendicion_cuentas\/2022\/anexo_4._plan_operativo_anual_2022_del_mdmq_f.pdf\"><u>Plan Operativo Anual (POA) 2022<\/u><\/a><\/li><li><a href=\"https:\/\/quito.gob.ec\/documents\/rendicion_cuentas\/2021\/PGA_Alcalde_SGuarderas.pdf\"><u>Plan de Gobierno &#8211; Campa\u00f1a Alcald\u00eda 2021-2023<\/u><\/a><\/li><li>Rendici\u00f3n de cuentas 2022 del GAD MDMQ<\/li><li><a href=\"https:\/\/quito.gob.ec\/documents\/rendicion_cuentas\/2022\/Informe_tecnico_No_CMLCC-DPC-2023-056.pdf\"><u>Catastro Municipal 2022<\/u><\/a><\/li><\/ul><p><strong>Informe de rendici\u00f3n de cuentas de la Administraci\u00f3n Especial Tur\u00edstica La Mariscal (GAD MDMQ)<\/strong><\/p><ul><li><span style=\"text-decoration: underline;\"><a href=\"https:\/\/zonales.quito.gob.ec\/wp-content\/uploads\/ORD-006-2021-PMU-PRESUPUESTO-2022.pdf\">Presupuesto institucional 2022<\/a><\/span><\/li><li><span style=\"text-decoration: underline;\"><a href=\"https:\/\/zonales.quito.gob.ec\/wp-content\/uploads\/2_planoperativoanual2022.pdf\">Plan Operativo Anual (POA) 2022<\/a><\/span><\/li><li><span style=\"text-decoration: underline;\"><a href=\"https:\/\/zonales.quito.gob.ec\/wp-content\/uploads\/informe_de_rendiciOn_de_cuentas_aetlm_2022_firmado-signed.pdf\">Informe Narrativo de Rendici\u00f3n de Cuentas\u00a0 2022<\/a><\/span><\/li><li><span style=\"text-decoration: underline;\"><a href=\"https:\/\/zonales.quito.gob.ec\/wp-content\/uploads\/4-INVITACIONRDC2022.pdf\">Convocatoria (invitaci\u00f3n) a la deliberaci\u00f3n p\u00fablica de rendici\u00f3n de cuentas 2022<\/a><\/span><\/li><li><a href=\"https:\/\/www.facebook.com\/zonalmariscal\/videos\/626644479344206\/?extid=CL-UNK-UNK-UNK-AN_GK0T-GK1C&amp;mibextid=YCRy0i\"><span style=\"text-decoration: underline;\">Evento deliberaci\u00f3n p\u00fablica rendici\u00f3n de cuentas 2022<\/span><\/a><\/li><li><a href=\"https:\/\/zonales.quito.gob.ec\/wp-content\/uploads\/6-INFORME-RDC-PLATAFORMA-CPCCS.pdf\"><span style=\"text-decoration: underline;\">Informe de Rendici\u00f3n de Cuentas\u00a0 2022 registrado en la plataforma virtual del Consejo de Participaci\u00f3n Ciudadana y Control Social (CPCCS)<\/span><\/a><\/li><li><a href=\"https:\/\/zonales.quito.gob.ec\/wp-content\/uploads\/7-CORREO-CONFIRMACION-FINALIZACION-PROCESO.pdf\"><span style=\"text-decoration: underline;\">Correo de confirmaci\u00f3n de finalizaci\u00f3n del proceso de rendici\u00f3n de cuentas 2022 en la plataforma del CPCCS<\/span><\/a><\/li><li><a href=\"https:\/\/zonales.quito.gob.ec\/wp-content\/uploads\/plan_de_trabajo_2023-signed-signed.pdf\"><u>Plan de trabajo acciones de mejora<\/u><\/a><\/li><li><a href=\"https:\/\/zonales.quito.gob.ec\/wp-content\/uploads\/9-ENTREGA-PLAN-DE-TRABAJO.pdf\"><span style=\"text-decoration: underline;\">Constancia de entrega de Plan de trabajo a representantes ciudadanos (Asamblea de Quito)<\/span><\/a><\/li><li><a href=\"https:\/\/zonales.quito.gob.ec\/wp-content\/uploads\/PPT-Metodologia-evento-de-RDC-para-la-comision-mixta-2.pptx\"><u>Orden del d\u00eda y Metodolog\u00eda evento de RDC comisi\u00f3n 2<\/u><\/a><\/li><\/ul><p><strong>Formulario de rendici\u00f3n de cuentas 2022<\/strong><\/p><ul><li><span style=\"text-decoration: underline;\"><a href=\"https:\/\/zonales.quito.gob.ec\/wp-content\/uploads\/1-EQUIPORENDICIONDECUENTAS.pdf\">Equipo Rendici\u00f3n de Cuentas\u00a0<\/a><\/span><\/li><li><a href=\"https:\/\/zonales.quito.gob.ec\/wp-content\/uploads\/2_cronograma.pdf\"><span style=\"text-decoration: underline;\">Hoja de ruta Rendici\u00f3n de Cuentas 2022<\/span><\/a><\/li><li><span style=\"text-decoration: underline;\"><a href=\"https:\/\/zonales.quito.gob.ec\/wp-content\/uploads\/3-CONFORMACIONCOMISIONMIXTA.pdf\">Conformaci\u00f3n de las dos comisiones mixtas (instituci\u00f3n y ciudadan\u00eda)<\/a><\/span><\/li><li><a href=\"https:\/\/zonales.quito.gob.ec\/wp-content\/uploads\/4-APROBACION-FORMULARIO-E-INFORME.pdf\"><span style=\"text-decoration: underline;\">Aprobaci\u00f3n del formulario e informe narrativo del Proceso de Rendici\u00f3n de Cuentas 2022<\/span><\/a><\/li><li><a href=\"https:\/\/zonales.quito.gob.ec\/wp-content\/uploads\/5-FORMULARIO.pdf\"><u>Formulario de Rendici\u00f3n de Cuentas base 2022<\/u><\/a><\/li><li><a href=\"https:\/\/zonales.quito.gob.ec\/wp-content\/uploads\/6-CONTRATACION-PUBLICA.pdf\"><span style=\"text-decoration: underline;\">Procesos de contrataci\u00f3n p\u00fablica 2022<\/span><\/a><\/li><li>Incorporaci\u00f3n de recomendaciones y dict\u00e1menes por parte de las entidades de la Funci\u00f3n de Transparencia y Control Social, la Procuradur\u00eda General del Estado y CEAACES<\/li><li>Mecanismos de Control Social<\/li><\/ul>\t\t\t\t\t\t\t\t<\/div>\n\t\t\t\t<\/div>\n\t\t\t\t<\/div>\n\t\t<div id=\"e-n-tab-content-1332490195\" role=\"tabpanel\" aria-labelledby=\"e-n-tab-title-1332490195\" data-tab-index=\"5\" style=\"--n-tabs-title-order: 5;\" class=\" elementor-element elementor-element-3e53b93 e-con-full e-flex e-con e-child\" data-id=\"3e53b93\" data-element_type=\"container\">\n\t\t\t\t<div class=\"elementor-element elementor-element-cb3f462 elementor-widget elementor-widget-text-editor\" data-id=\"cb3f462\" data-element_type=\"widget\" data-widget_type=\"text-editor.default\">\n\t\t\t\t<div class=\"elementor-widget-container\">\n\t\t\t\t\t\t\t\t\t<p><strong>Informe de rendici\u00f3n de cuentas de Alcald\u00eda (GAD MDMQ)<\/strong><\/p><ul><li><u><a href=\"https:\/\/gobiernoabierto.quito.gob.ec\/plan-pmdot\">Plan Metropolitano de Desarrollo y Ordenamiento territorial (PMDOT) 2021 \u2013 2033, con sus respectivos ap\u00e9ndices, aprobado mediante Ordenanza PMDOT-PUGS No. 001 \u2013 2021<\/a><\/u><\/li><li><u><a href=\"https:\/\/quito.gob.ec\/documents\/rendicion_cuentas\/2021\/Presupuesto-institucional.pdf\">Presupuesto institucional y participativo, que corresponde a la Ordenanza PMU No. 005-2021 mediante la cual, se reform\u00f3 el presupuesto general del 2021<\/a><\/u><\/li><li><u><a href=\"https:\/\/quito.gob.ec\/documents\/rendicion_cuentas\/2021\/POA_2021_provisional.pdf\">Plan Operativo Anual (POA) 2021<\/a><\/u><\/li><li><u><a href=\"https:\/\/quito.gob.ec\/documents\/rendicion_cuentas\/2021\/PGA_Alcalde_SGuarderas.pdf\">Plan de Gobierno &#8211; Campa\u00f1a Alcald\u00eda 2021-2023<\/a><\/u><\/li><li><u><a href=\"https:\/\/quito.gob.ec\/documents\/rendicion_cuentas\/2021\/catastro2021.pdf\">Catastro Municipal 2021<\/a><\/u><\/li><\/ul><p><strong>Informe de rendici\u00f3n de cuentas de la Administraci\u00f3n Especial Tur\u00edstica La Mariscal (GAD MDMQ)<\/strong><\/p><ul><li><a href=\"https:\/\/zonales.quito.gob.ec\/wp-content\/uploads\/2022\/05\/Presupuesto-institucional.pdf\">Presupuesto institucional 2021\u00a0<\/a><\/li><li><a href=\"https:\/\/zonales.quito.gob.ec\/wp-content\/uploads\/2022\/05\/POA2021_LA_MARISCAL.pdf\">Plan Operativo Anual (POA) 2021\u00a0<\/a><\/li><li><a href=\"https:\/\/zonales.quito.gob.ec\/wp-content\/uploads\/2022\/05\/INFORME-NARRATIVO-AZLM.pdf\">Informe Narrativo de Rendici\u00f3n de Cuentas\u00a0 2021<\/a><\/li><li><u><a href=\"https:\/\/docs.google.com\/spreadsheets\/d\/1b6f-EfZwceWfwBnFrEh4UpJXXr8nolxVHmsKz6nc68k\/edit#gid=1002396994\">Convocatoria (invitaci\u00f3n) a la deliberaci\u00f3n p\u00fablica de rendici\u00f3n de cuentas 2021<\/a><\/u><\/li><li><a href=\"https:\/\/fb.watch\/cUY2UtrHuG\/\">Evento deliberaci\u00f3n p\u00fablica rendici\u00f3n de cuentas 2021<\/a><\/li><li><a href=\"https:\/\/zonales.quito.gob.ec\/wp-content\/uploads\/2022\/06\/Registradores.pdf\">Informe de Rendici\u00f3n de Cuentas\u00a0 2021 registrado en la plataforma virtual del Consejo de Participaci\u00f3n Ciudadana y Control Social (CPCCS)<\/a><\/li><li>Correo de confirmaci\u00f3n de finalizaci\u00f3n del proceso de rendici\u00f3n de cuentas 2021 en la plataforma del CPCCS<\/li><li><u><a href=\"https:\/\/zonales.quito.gob.ec\/wp-content\/uploads\/2022\/05\/PLAN-MARISCAL.pdf\">Plan de trabajo acciones de mejora<\/a><\/u><\/li><li><a href=\"https:\/\/zonales.quito.gob.ec\/wp-content\/uploads\/2022\/05\/Constancia-de-entrega-de-Plan-de-trabajo-a-representantes-ciudadanos-Asamblea-de-Quito.pdf\">Constancia de entrega de Plan de trabajo a representantes ciudadanos (Asamblea de Quito)<\/a><\/li><li><u><a href=\"https:\/\/zonales.quito.gob.ec\/wp-content\/uploads\/2022\/07\/Metodologia-evento-de-RDC-comision-2.pdf\">Orden del d\u00eda y Metodolog\u00eda evento de RDC comisi\u00f3n 2<\/a><\/u><\/li><\/ul><p><strong>Formulario de rendici\u00f3n de cuentas 2021<\/strong><\/p><ul><li><a href=\"https:\/\/zonales.quito.gob.ec\/wp-content\/uploads\/2022\/05\/EQUIPO-RDC-POR-ZONAL-.pdf\">Equipo Rendici\u00f3n de Cuentas\u00a0<\/a><\/li><li><a href=\"https:\/\/zonales.quito.gob.ec\/wp-content\/uploads\/2022\/05\/hoja_de_ruta_validada_RC2021.pdf\">Hoja de ruta Rendici\u00f3n de Cuentas 2021<\/a><\/li><li><a href=\"https:\/\/zonales.quito.gob.ec\/wp-content\/uploads\/2022\/05\/ACTA-DE-CONFORMACION.pdf\">Conformaci\u00f3n de las dos comisiones mixtas (instituci\u00f3n y ciudadan\u00eda)<\/a><\/li><li><a href=\"https:\/\/zonales.quito.gob.ec\/wp-content\/uploads\/2022\/05\/APROBA2.pdf\">Aprobaci\u00f3n del formulario e informe narrativo del Proceso de Rendici\u00f3n de Cuentas 2021\u00a0<\/a><\/li><li><u>Formulario de Rendici\u00f3n de Cuentas base 2021<\/u><\/li><li><a href=\"https:\/\/gobiernoabierto.quito.gob.ec\/Archivos\/quitoparticipa\/RDC2021\/AZLaMariscal\/ComPub\/\">Procesos de contrataci\u00f3n p\u00fablica 2021<\/a><\/li><li>Incorporaci\u00f3n de recomendaciones y dict\u00e1menes por parte de las entidades de la Funci\u00f3n de Transparencia y Control Social, la Procuradur\u00eda General del Estado y CEAACES<\/li><li>Mecanismos de Control Social<\/li><\/ul>\t\t\t\t\t\t\t\t<\/div>\n\t\t\t\t<\/div>\n\t\t\t\t<\/div>\n\t\t\t\t\t<\/div>\n\t\t<\/div>\n\t\t\t\t\t\t<\/div>\n\t\t\t\t<\/div>\n\t\t\t\t\t<\/div>\n\t\t<\/div>\n\t\t\t\t\t<\/div>\n\t\t<\/section>\n\t\t\t\t<\/div>\n\t\t","protected":false},"excerpt":{"rendered":"<p>RENDICI\u00d3N DE CUENTAS Administraci\u00f3n Zonal La Mariscal 2025 2024 2023 2022 2021 &nbsp; Instituci\u00f3n:&nbsp; &nbsp;Administraci\u00f3n Zonal La Mariscal&nbsp; Registro \u00danico de Contribuyente (RUC):&nbsp;&nbsp; 1760003410001 Per\u00edodo de rendici\u00f3n de cuentas: 1 de enero al 31 de diciembre de 2025 Cargo y nombre de representante legal de la Entidad: &nbsp;Administrador Zonal La Mariscal, Leandro Buratovich Equipo interno [&hellip;]<\/p>\n","protected":false},"author":27758,"featured_media":0,"comment_status":"open","ping_status":"open","sticky":false,"template":"elementor_header_footer","format":"standard","meta":{"_monsterinsights_skip_tracking":false,"_monsterinsights_sitenote_active":false,"_monsterinsights_sitenote_note":"","_monsterinsights_sitenote_category":0,"footnotes":""},"categories":[1],"tags":[],"class_list":["post-162111","post","type-post","status-publish","format-standard","hentry","category-sin-categoria"],"_links":{"self":[{"href":"https:\/\/zonales.quito.gob.ec\/index.php?rest_route=\/wp\/v2\/posts\/162111","targetHints":{"allow":["GET"]}}],"collection":[{"href":"https:\/\/zonales.quito.gob.ec\/index.php?rest_route=\/wp\/v2\/posts"}],"about":[{"href":"https:\/\/zonales.quito.gob.ec\/index.php?rest_route=\/wp\/v2\/types\/post"}],"author":[{"embeddable":true,"href":"https:\/\/zonales.quito.gob.ec\/index.php?rest_route=\/wp\/v2\/users\/27758"}],"replies":[{"embeddable":true,"href":"https:\/\/zonales.quito.gob.ec\/index.php?rest_route=%2Fwp%2Fv2%2Fcomments&post=162111"}],"version-history":[{"count":143,"href":"https:\/\/zonales.quito.gob.ec\/index.php?rest_route=\/wp\/v2\/posts\/162111\/revisions"}],"predecessor-version":[{"id":374360,"href":"https:\/\/zonales.quito.gob.ec\/index.php?rest_route=\/wp\/v2\/posts\/162111\/revisions\/374360"}],"wp:attachment":[{"href":"https:\/\/zonales.quito.gob.ec\/index.php?rest_route=%2Fwp%2Fv2%2Fmedia&parent=162111"}],"wp:term":[{"taxonomy":"category","embeddable":true,"href":"https:\/\/zonales.quito.gob.ec\/index.php?rest_route=%2Fwp%2Fv2%2Fcategories&post=162111"},{"taxonomy":"post_tag","embeddable":true,"href":"https:\/\/zonales.quito.gob.ec\/index.php?rest_route=%2Fwp%2Fv2%2Ftags&post=162111"}],"curies":[{"name":"wp","href":"https:\/\/api.w.org\/{rel}","templated":true}]}}