{"id":223933,"date":"2024-10-25T10:31:05","date_gmt":"2024-10-25T15:31:05","guid":{"rendered":"https:\/\/zonales.quito.gob.ec\/?p=223933"},"modified":"2024-10-25T10:36:12","modified_gmt":"2024-10-25T15:36:12","slug":"un-encuentro-juvenil-se-realizara-en-san-blas","status":"publish","type":"post","link":"https:\/\/zonales.quito.gob.ec\/?p=223933","title":{"rendered":"Un Encuentro Juvenil se realizar\u00e1 en San Blas"},"content":{"rendered":"\t\t<div data-elementor-type=\"wp-post\" data-elementor-id=\"223933\" class=\"elementor elementor-223933\" data-elementor-post-type=\"post\">\n\t\t\t\t<div class=\"elementor-element elementor-element-f3f7447 e-flex e-con-boxed e-con e-parent\" data-id=\"f3f7447\" data-element_type=\"container\">\n\t\t\t\t\t<div class=\"e-con-inner\">\n\t\t\t\t<div class=\"elementor-element elementor-element-e9881e4 elementor-widget elementor-widget-text-editor\" data-id=\"e9881e4\" data-element_type=\"widget\" data-widget_type=\"text-editor.default\">\n\t\t\t\t<div class=\"elementor-widget-container\">\n\t\t\t\t\t\t\t\t\t<ul><li><em>El s\u00e1bado, 26 de octubre en la Plaza Belmonte, ubicada en las calles Antepara y Le\u00f3n, en el sector de San Blas, se llevar\u00e1 a cabo el Encuentro \u201cJuventud ES Quito\u201d.<\/em><\/li><\/ul><p>\u00a0<\/p><p><strong>Quito, 25 de octubre de 2024. &#8211;<\/strong> Con el objetivo de fortalecer la participaci\u00f3n juvenil y el voluntariado como mecanismos de desarrollo integral, la Administraci\u00f3n Zonal Manuela S\u00e1enz (AZMS) ha organizado el Encuentro \u201cJuventud ES Quito\u201d, que se llevar\u00e1 a cabo el s\u00e1bado, 26 de octubre en la Plaza Belmonte, administrada por la Secretar\u00eda de Cultura, ubicada en las calles Antepara y Le\u00f3n, en el sector de San Blas.<\/p><p>Se espera la participaci\u00f3n de alrededor de 400 j\u00f3venes del Centro, quienes formaron parte de los campamentos vacacionales \u201cSol y Viento\u201d. A trav\u00e9s de este Encuentro Juvenil, se busca visibilizar la pol\u00edtica de juventudes de la actual Administraci\u00f3n Municipal, as\u00ed como fomentar la reflexi\u00f3n sobre la reactivaci\u00f3n del Cabildo Juvenil de la Zona Manuela S\u00e1enz, con la inclusi\u00f3n de j\u00f3venes y adolescentes interesados en contribuir al desarrollo de sus comunidades.<\/p><p>El evento contar\u00e1 con presentaciones art\u00edsticas y actividades participativas, como la pintura de murales, ca\u00f1\u00f3n de espuma, hora loca y muchas sorpresas m\u00e1s.<\/p><p>La Administraci\u00f3n Manuela S\u00e1enz invita a los adolescentes a unirse a este divertido y din\u00e1mico encuentro cultural.<\/p>\t\t\t\t\t\t\t\t<\/div>\n\t\t\t\t<\/div>\n\t\t\t\t\t<\/div>\n\t\t\t\t<\/div>\n\t\t\t\t<\/div>\n\t\t","protected":false},"excerpt":{"rendered":"<p>El s\u00e1bado, 26 de octubre en la Plaza Belmonte, ubicada en las calles Antepara y Le\u00f3n, en el sector de San Blas, se llevar\u00e1 a cabo el Encuentro \u201cJuventud ES Quito\u201d. \u00a0 Quito, 25 de octubre de 2024. &#8211; Con el objetivo de fortalecer la participaci\u00f3n juvenil y el voluntariado como mecanismos de desarrollo integral, [&hellip;]<\/p>\n","protected":false},"author":37470,"featured_media":223932,"comment_status":"open","ping_status":"open","sticky":false,"template":"","format":"standard","meta":{"_monsterinsights_skip_tracking":false,"_monsterinsights_sitenote_active":false,"_monsterinsights_sitenote_note":"","_monsterinsights_sitenote_category":0,"footnotes":""},"categories":[297,196,316,5],"tags":[],"class_list":["post-223933","post","type-post","status-publish","format-standard","has-post-thumbnail","hentry","category-administracion-zonal-manuela-saenz","category-eventos-voluntariado","category-jovenes-zonales","category-noticias"],"_links":{"self":[{"href":"https:\/\/zonales.quito.gob.ec\/index.php?rest_route=\/wp\/v2\/posts\/223933","targetHints":{"allow":["GET"]}}],"collection":[{"href":"https:\/\/zonales.quito.gob.ec\/index.php?rest_route=\/wp\/v2\/posts"}],"about":[{"href":"https:\/\/zonales.quito.gob.ec\/index.php?rest_route=\/wp\/v2\/types\/post"}],"author":[{"embeddable":true,"href":"https:\/\/zonales.quito.gob.ec\/index.php?rest_route=\/wp\/v2\/users\/37470"}],"replies":[{"embeddable":true,"href":"https:\/\/zonales.quito.gob.ec\/index.php?rest_route=%2Fwp%2Fv2%2Fcomments&post=223933"}],"version-history":[{"count":4,"href":"https:\/\/zonales.quito.gob.ec\/index.php?rest_route=\/wp\/v2\/posts\/223933\/revisions"}],"predecessor-version":[{"id":223944,"href":"https:\/\/zonales.quito.gob.ec\/index.php?rest_route=\/wp\/v2\/posts\/223933\/revisions\/223944"}],"wp:featuredmedia":[{"embeddable":true,"href":"https:\/\/zonales.quito.gob.ec\/index.php?rest_route=\/wp\/v2\/media\/223932"}],"wp:attachment":[{"href":"https:\/\/zonales.quito.gob.ec\/index.php?rest_route=%2Fwp%2Fv2%2Fmedia&parent=223933"}],"wp:term":[{"taxonomy":"category","embeddable":true,"href":"https:\/\/zonales.quito.gob.ec\/index.php?rest_route=%2Fwp%2Fv2%2Fcategories&post=223933"},{"taxonomy":"post_tag","embeddable":true,"href":"https:\/\/zonales.quito.gob.ec\/index.php?rest_route=%2Fwp%2Fv2%2Ftags&post=223933"}],"curies":[{"name":"wp","href":"https:\/\/api.w.org\/{rel}","templated":true}]}}