{"id":325839,"date":"2025-10-13T10:31:27","date_gmt":"2025-10-13T15:31:27","guid":{"rendered":"https:\/\/zonales.quito.gob.ec\/?p=325839"},"modified":"2025-10-13T10:49:08","modified_gmt":"2025-10-13T15:49:08","slug":"mas-alla-de-la-edad-jovenes-y-adultos-mayores-compartieron-una-jornada-que-toco-el-corazon","status":"publish","type":"post","link":"https:\/\/zonales.quito.gob.ec\/?p=325839","title":{"rendered":"\u201cM\u00e1s all\u00e1 de la edad\u201d: j\u00f3venes y adultos mayores compartieron una jornada que toc\u00f3 el coraz\u00f3n"},"content":{"rendered":"\t\t<div data-elementor-type=\"wp-post\" data-elementor-id=\"325839\" class=\"elementor elementor-325839\" data-elementor-post-type=\"post\">\n\t\t\t\t<div class=\"elementor-element elementor-element-c094f27 e-flex e-con-boxed e-con e-parent\" data-id=\"c094f27\" data-element_type=\"container\">\n\t\t\t\t\t<div class=\"e-con-inner\">\n\t\t\t\t<div class=\"elementor-element elementor-element-c7c7b24 elementor-widget elementor-widget-text-editor\" data-id=\"c7c7b24\" data-element_type=\"widget\" data-widget_type=\"text-editor.default\">\n\t\t\t\t<div class=\"elementor-widget-container\">\n\t\t\t\t\t\t\t\t\t<p>En el Municipio de Quito creemos que las generaciones se fortalecen cuando se encuentran, se escuchan y se acompa\u00f1an. Por ello, seguimos impulsando acciones inclusivas con los Grupos de Atenci\u00f3n Prioritaria, promoviendo el respeto, la empat\u00eda y la solidaridad.<\/p><p>En esta ocasi\u00f3n, se vivi\u00f3 una ma\u00f1ana llena de vida, m\u00fasica y emociones durante el encuentro intergeneracional que reuni\u00f3 a 40 estudiantes de la Unidad Educativa Municipal Julio Moreno Pe\u00f1aherrera de Amagua\u00f1a y a los adultos mayores de la Casa Hogar de Vida del Patronato San Jos\u00e9 de Conocoto.<\/p><p>J\u00f3venes y adultos mayores compartieron din\u00e1micas recreativas, juegos, m\u00fasica y actividades deportivas que despertaron sonrisas, recuerdos y abrazos sinceros. La jornada fue un espacio de aprendizaje mutuo, donde la energ\u00eda juvenil se uni\u00f3 con la sabidur\u00eda y ternura de la experiencia.<\/p><p>\u201cPens\u00e9 que solo era una visita, pero me di cuenta que los adultos mayores tienen demasiado por ense\u00f1arnos. Me hizo pensar en mis propios abuelitos, que hace tiempo no abrazo\u201d, expres\u00f3 conmovida Slendy Caiza, estudiante del Julio Moreno Pe\u00f1aherrera.<\/p><p>Los adultos mayores que participaron en este encuentro son parte de la Casa Hogar de Vida, instituci\u00f3n que brinda atenci\u00f3n integral a personas en situaci\u00f3n de abandono total. Su sonrisa y gratitud fueron el reflejo de lo que significa sentirse acompa\u00f1ado y valorado.<\/p><p>Esta actividad fortaleci\u00f3 los lazos entre generaciones y sembr\u00f3 en los j\u00f3venes valores fundamentales como la empat\u00eda, la solidaridad y la responsabilidad social, demostrando que cuando las edades se unen, la vida florece con m\u00e1s fuerza.<\/p>\t\t\t\t\t\t\t\t<\/div>\n\t\t\t\t<\/div>\n\t\t\t\t\t<\/div>\n\t\t\t\t<\/div>\n\t\t\t\t<\/div>\n\t\t","protected":false},"excerpt":{"rendered":"<p>En el Municipio de Quito creemos que las generaciones se fortalecen cuando se encuentran, se escuchan y se acompa\u00f1an. Por ello, seguimos impulsando acciones inclusivas con los Grupos de Atenci\u00f3n Prioritaria, promoviendo el respeto, la empat\u00eda y la solidaridad. En esta ocasi\u00f3n, se vivi\u00f3 una ma\u00f1ana llena de vida, m\u00fasica y emociones durante el encuentro [&hellip;]<\/p>\n","protected":false},"author":35910,"featured_media":325838,"comment_status":"open","ping_status":"open","sticky":false,"template":"","format":"standard","meta":{"_monsterinsights_skip_tracking":false,"_monsterinsights_sitenote_active":false,"_monsterinsights_sitenote_note":"","_monsterinsights_sitenote_category":0,"footnotes":""},"categories":[294,311,5,312],"tags":[],"class_list":["post-325839","post","type-post","status-publish","format-standard","has-post-thumbnail","hentry","category-administracion-zonal-los-chillos","category-inclusion-zonales","category-noticias","category-participacion-zonales"],"_links":{"self":[{"href":"https:\/\/zonales.quito.gob.ec\/index.php?rest_route=\/wp\/v2\/posts\/325839","targetHints":{"allow":["GET"]}}],"collection":[{"href":"https:\/\/zonales.quito.gob.ec\/index.php?rest_route=\/wp\/v2\/posts"}],"about":[{"href":"https:\/\/zonales.quito.gob.ec\/index.php?rest_route=\/wp\/v2\/types\/post"}],"author":[{"embeddable":true,"href":"https:\/\/zonales.quito.gob.ec\/index.php?rest_route=\/wp\/v2\/users\/35910"}],"replies":[{"embeddable":true,"href":"https:\/\/zonales.quito.gob.ec\/index.php?rest_route=%2Fwp%2Fv2%2Fcomments&post=325839"}],"version-history":[{"count":10,"href":"https:\/\/zonales.quito.gob.ec\/index.php?rest_route=\/wp\/v2\/posts\/325839\/revisions"}],"predecessor-version":[{"id":325854,"href":"https:\/\/zonales.quito.gob.ec\/index.php?rest_route=\/wp\/v2\/posts\/325839\/revisions\/325854"}],"wp:featuredmedia":[{"embeddable":true,"href":"https:\/\/zonales.quito.gob.ec\/index.php?rest_route=\/wp\/v2\/media\/325838"}],"wp:attachment":[{"href":"https:\/\/zonales.quito.gob.ec\/index.php?rest_route=%2Fwp%2Fv2%2Fmedia&parent=325839"}],"wp:term":[{"taxonomy":"category","embeddable":true,"href":"https:\/\/zonales.quito.gob.ec\/index.php?rest_route=%2Fwp%2Fv2%2Fcategories&post=325839"},{"taxonomy":"post_tag","embeddable":true,"href":"https:\/\/zonales.quito.gob.ec\/index.php?rest_route=%2Fwp%2Fv2%2Ftags&post=325839"}],"curies":[{"name":"wp","href":"https:\/\/api.w.org\/{rel}","templated":true}]}}