{"id":356421,"date":"2026-03-05T12:52:30","date_gmt":"2026-03-05T17:52:30","guid":{"rendered":"https:\/\/zonales.quito.gob.ec\/?p=356421"},"modified":"2026-03-05T12:56:26","modified_gmt":"2026-03-05T17:56:26","slug":"8m-en-los-chillos-una-fecha-de-lucha-union-y-memoria","status":"publish","type":"post","link":"https:\/\/zonales.quito.gob.ec\/?p=356421","title":{"rendered":"8M en Los Chillos: una fecha de lucha, uni\u00f3n y memoria"},"content":{"rendered":"\t\t<div data-elementor-type=\"wp-post\" data-elementor-id=\"356421\" class=\"elementor elementor-356421\" data-elementor-post-type=\"post\">\n\t\t\t\t<div class=\"elementor-element elementor-element-83f2164 e-flex e-con-boxed e-con e-parent\" data-id=\"83f2164\" data-element_type=\"container\">\n\t\t\t\t\t<div class=\"e-con-inner\">\n\t\t\t\t<div class=\"elementor-element elementor-element-a290314 elementor-widget elementor-widget-text-editor\" data-id=\"a290314\" data-element_type=\"widget\" data-widget_type=\"text-editor.default\">\n\t\t\t\t<div class=\"elementor-widget-container\">\n\t\t\t\t\t\t\t\t\t<p>La Administraci\u00f3n Zonal de Los Chillos, al conmemorar este domingo 8 de marzo el d\u00eda Internacional de La Mujer ha preparado una agenda con actividades de salud y bienestar integral, asimismo, compartir un momento de reflexi\u00f3n sobre el papel de la mujer en la sociedad, su historia y sus luchas en cada \u00e9poca.<\/p><p>El encuentro ser\u00e1 en el parque central de Amagua\u00f1a desde las 08h30, aqu\u00ed los visitantes podr\u00e1n hacer uso de los servicios de promoci\u00f3n de la salud; medicina general; papanicolaou; nutrici\u00f3n; asesor\u00eda legal y acompa\u00f1amiento en casos de violencia; emprendimientos; danza, arte y cultura.<\/p><p>Con el apoyo del alcalde de Quito, Pabel Mu\u00f1oz, se trabaja en varios frentes positivos en bienestar de las mujeres del Distrito Metropolitano, garantizando sus derechos, brindando salud de calidad y contribuyendo a bajar la tasa de acoso y violencia de g\u00e9nero en la capital.<\/p><p><strong>Un mes de reflexi\u00f3n y compromiso<\/strong><\/p><p>El Municipio de Quito llevar\u00e1 a cabo diversas actividades durante marzo para conmemorar el papel de la mujer en la sociedad y promover la igualdad de derechos.<\/p><p><strong>Datos relevantes<\/strong><\/p><ul><li>Solo el 32% de las mujeres accede a empleo adecuado, frente al 68% de los hombres. (INEC)<\/li><li>736 millones de mujeres han sufrido violencia f\u00edsica o sexual al menos una vez en su vida. (ONU Mujeres)<\/li><li>112 pa\u00edses han implementado planes para la inclusi\u00f3n de mujeres en procesos de paz y seguridad. (ONU Mujeres)<\/li><\/ul><p>El D\u00eda Internacional de la Mujer, instaurado oficialmente por la ONU en 1975, es un recordatorio de la lucha hist\u00f3rica de las mujeres por la equidad y el reconocimiento de sus derechos.<\/p>\t\t\t\t\t\t\t\t<\/div>\n\t\t\t\t<\/div>\n\t\t\t\t\t<\/div>\n\t\t\t\t<\/div>\n\t\t\t\t<\/div>\n\t\t","protected":false},"excerpt":{"rendered":"<p>La Administraci\u00f3n Zonal de Los Chillos, al conmemorar este domingo 8 de marzo el d\u00eda Internacional de La Mujer ha preparado una agenda con actividades de salud y bienestar integral, asimismo, compartir un momento de reflexi\u00f3n sobre el papel de la mujer en la sociedad, su historia y sus luchas en cada \u00e9poca. El encuentro [&hellip;]<\/p>\n","protected":false},"author":35910,"featured_media":356420,"comment_status":"open","ping_status":"open","sticky":false,"template":"","format":"standard","meta":{"_monsterinsights_skip_tracking":false,"_monsterinsights_sitenote_active":false,"_monsterinsights_sitenote_note":"","_monsterinsights_sitenote_category":0,"footnotes":""},"categories":[294,314,311,5,309],"tags":[],"class_list":["post-356421","post","type-post","status-publish","format-standard","has-post-thumbnail","hentry","category-administracion-zonal-los-chillos","category-ferias-zonales","category-inclusion-zonales","category-noticias","category-salud-zonales"],"_links":{"self":[{"href":"https:\/\/zonales.quito.gob.ec\/index.php?rest_route=\/wp\/v2\/posts\/356421","targetHints":{"allow":["GET"]}}],"collection":[{"href":"https:\/\/zonales.quito.gob.ec\/index.php?rest_route=\/wp\/v2\/posts"}],"about":[{"href":"https:\/\/zonales.quito.gob.ec\/index.php?rest_route=\/wp\/v2\/types\/post"}],"author":[{"embeddable":true,"href":"https:\/\/zonales.quito.gob.ec\/index.php?rest_route=\/wp\/v2\/users\/35910"}],"replies":[{"embeddable":true,"href":"https:\/\/zonales.quito.gob.ec\/index.php?rest_route=%2Fwp%2Fv2%2Fcomments&post=356421"}],"version-history":[{"count":4,"href":"https:\/\/zonales.quito.gob.ec\/index.php?rest_route=\/wp\/v2\/posts\/356421\/revisions"}],"predecessor-version":[{"id":356433,"href":"https:\/\/zonales.quito.gob.ec\/index.php?rest_route=\/wp\/v2\/posts\/356421\/revisions\/356433"}],"wp:featuredmedia":[{"embeddable":true,"href":"https:\/\/zonales.quito.gob.ec\/index.php?rest_route=\/wp\/v2\/media\/356420"}],"wp:attachment":[{"href":"https:\/\/zonales.quito.gob.ec\/index.php?rest_route=%2Fwp%2Fv2%2Fmedia&parent=356421"}],"wp:term":[{"taxonomy":"category","embeddable":true,"href":"https:\/\/zonales.quito.gob.ec\/index.php?rest_route=%2Fwp%2Fv2%2Fcategories&post=356421"},{"taxonomy":"post_tag","embeddable":true,"href":"https:\/\/zonales.quito.gob.ec\/index.php?rest_route=%2Fwp%2Fv2%2Ftags&post=356421"}],"curies":[{"name":"wp","href":"https:\/\/api.w.org\/{rel}","templated":true}]}}