{"id":357510,"date":"2026-03-09T11:42:12","date_gmt":"2026-03-09T16:42:12","guid":{"rendered":"https:\/\/zonales.quito.gob.ec\/?p=357510"},"modified":"2026-03-09T12:05:40","modified_gmt":"2026-03-09T17:05:40","slug":"mas-obras-para-los-chillos-el-municipio-de-quito-transforma-barrios-de-amaguana-con-presupuestos-participativos","status":"publish","type":"post","link":"https:\/\/zonales.quito.gob.ec\/?p=357510","title":{"rendered":"M\u00e1s obras para Los Chillos: el Municipio de Quito transforma barrios de Amagua\u00f1a con Presupuestos Participativos"},"content":{"rendered":"\t\t<div data-elementor-type=\"wp-post\" data-elementor-id=\"357510\" class=\"elementor elementor-357510\" data-elementor-post-type=\"post\">\n\t\t\t\t<div class=\"elementor-element elementor-element-25e4b4a e-flex e-con-boxed e-con e-parent\" data-id=\"25e4b4a\" data-element_type=\"container\">\n\t\t\t\t\t<div class=\"e-con-inner\">\n\t\t\t\t<div class=\"elementor-element elementor-element-f651da2 elementor-widget elementor-widget-text-editor\" data-id=\"f651da2\" data-element_type=\"widget\" data-widget_type=\"text-editor.default\">\n\t\t\t\t<div class=\"elementor-widget-container\">\n\t\t\t\t\t\t\t\t\t<ul><li><em>Vecinos de Chillo Jij\u00f3n y El Blanqueado reciben nuevas obras impulsadas por la gesti\u00f3n del alcalde Pabel Mu\u00f1oz.<\/em><\/li><\/ul><p>El compromiso del Municipio de Quito con el desarrollo de los barrios del Valle de Los Chillos contin\u00faa dando resultados. Este fin de semana se inauguraron dos nuevas obras ejecutadas a trav\u00e9s de los Presupuestos Participativos 2025 en los sectores Chillo Jij\u00f3n y El Blanqueado, en la parroquia Amagua\u00f1a, mejorando la calidad de vida de cientos de familias.<\/p><p>Estas intervenciones forman parte del impulso de obra p\u00fablica que vive la ciudad bajo la administraci\u00f3n del alcalde Pabel Mu\u00f1oz, quien desde el inicio de su gesti\u00f3n ha priorizado la inversi\u00f3n en los barrios, superando ya las 3001 obras en todo el Distrito Metropolitano de Quito.<\/p><h2>Obras que cambian la vida de la comunidad<\/h2><p>La primera obra inaugurada fue el adoquinado de la calle Providencia, desde la calle Luis Vargas hasta la calle Mariano Morales, en el barrio Chillo Jij\u00f3n.<\/p><p>Esta intervenci\u00f3n beneficia directamente a <strong>m\u00e1s de 500 vecinos<\/strong> y represent\u00f3 una inversi\u00f3n municipal de <strong>USD 34.903,92<\/strong>, permitiendo mejorar la movilidad, seguridad y dignidad del sector.<\/p><p>M\u00f3nica Loacham\u00edn, moradora del barrio desde hace 33 a\u00f1os, record\u00f3 las condiciones en las que se encontraba la v\u00eda. \u201cDurante a\u00f1os tuvimos una calle de tierra y lodo, era muy dif\u00edcil transitar por aqu\u00ed. Hoy vemos c\u00f3mo ese sue\u00f1o se hace realidad y ahora tenemos un espacio digno y bonito para toda la comunidad\u201d, expres\u00f3 emocionada.<\/p><p>Posteriormente, las autoridades visitaron el sector El Blanqueado, donde se entreg\u00f3 la construcci\u00f3n de \u00e1rea comunal, recreativa y deportiva, un espacio pensado para el encuentro comunitario, la recreaci\u00f3n y el deporte. La obra beneficia a <strong>m\u00e1s de 1000 moradores<\/strong> y cont\u00f3 con una inversi\u00f3n de <strong>USD 39.329,88<\/strong>.<\/p><p>Nancy Peralvo, vecina del sector desde hace 21 a\u00f1os, destac\u00f3 el impacto de este nuevo espacio comunitario. \u201cAntes este lugar estaba abandonado y descuidado. Hoy es un espacio donde nuestros ni\u00f1os, j\u00f3venes y adultos mayores pueden compartir y disfrutar. Para nosotros es una bendici\u00f3n que este sue\u00f1o se haya hecho realidad\u201d, manifest\u00f3.<\/p><h2>Obras que nacen desde la voz de la comunidad<\/h2><p>Durante el recorrido, el administrador zonal del Valle de Los Chillos, Esteban Melo, destac\u00f3 que estas obras son el resultado de la participaci\u00f3n activa de la ciudadan\u00eda. \u201cNo solo entregamos obras, entregamos el resultado de un proceso donde la comunidad decide y participa. Hoy podemos decir con orgullo que ya superamos las 3001 obras en Quito y vamos a cerrar esta gesti\u00f3n con muchas m\u00e1s, porque trabajamos por ustedes y con el coraz\u00f3n\u201d, se\u00f1al\u00f3.<\/p><p>Estas intervenciones reflejan el modelo de gesti\u00f3n municipal que impulsa el Municipio de Quito, donde la participaci\u00f3n ciudadana y la inversi\u00f3n en los barrios se convierten en herramientas clave para reducir brechas hist\u00f3ricas y fortalecer el desarrollo de los territorios.<\/p><p>El Municipio continuar\u00e1 trabajando junto a la comunidad para recuperar espacios, mejorar la infraestructura barrial y construir una ciudad m\u00e1s equitativa, digna y participativa para todas y todos.<\/p>\t\t\t\t\t\t\t\t<\/div>\n\t\t\t\t<\/div>\n\t\t\t\t\t<\/div>\n\t\t\t\t<\/div>\n\t\t<div class=\"elementor-element elementor-element-bd4680d e-flex e-con-boxed e-con e-parent\" data-id=\"bd4680d\" data-element_type=\"container\">\n\t\t\t\t\t<div class=\"e-con-inner\">\n\t\t\t\t<div class=\"elementor-element elementor-element-daa4d1e elementor-widget elementor-widget-image\" data-id=\"daa4d1e\" data-element_type=\"widget\" data-widget_type=\"image.default\">\n\t\t\t\t<div class=\"elementor-widget-container\">\n\t\t\t\t\t\t\t\t\t\t\t\t\t\t\t<img fetchpriority=\"high\" decoding=\"async\" width=\"640\" height=\"426\" src=\"https:\/\/zonales.quito.gob.ec\/wp-content\/uploads\/WhatsApp-Image-2026-03-07-at-1.34.09-PM.jpeg\" class=\"attachment-large size-large wp-image-357508\" alt=\"\" \/>\t\t\t\t\t\t\t\t\t\t\t\t\t\t\t<\/div>\n\t\t\t\t<\/div>\n\t\t\t\t\t<\/div>\n\t\t\t\t<\/div>\n\t\t\t\t<\/div>\n\t\t","protected":false},"excerpt":{"rendered":"<p>Vecinos de Chillo Jij\u00f3n y El Blanqueado reciben nuevas obras impulsadas por la gesti\u00f3n del alcalde Pabel Mu\u00f1oz. El compromiso del Municipio de Quito con el desarrollo de los barrios del Valle de Los Chillos contin\u00faa dando resultados. Este fin de semana se inauguraron dos nuevas obras ejecutadas a trav\u00e9s de los Presupuestos Participativos 2025 [&hellip;]<\/p>\n","protected":false},"author":35910,"featured_media":357509,"comment_status":"open","ping_status":"open","sticky":false,"template":"","format":"standard","meta":{"_monsterinsights_skip_tracking":false,"_monsterinsights_sitenote_active":false,"_monsterinsights_sitenote_note":"","_monsterinsights_sitenote_category":0,"footnotes":""},"categories":[294,5,312],"tags":[],"class_list":["post-357510","post","type-post","status-publish","format-standard","has-post-thumbnail","hentry","category-administracion-zonal-los-chillos","category-noticias","category-participacion-zonales"],"_links":{"self":[{"href":"https:\/\/zonales.quito.gob.ec\/index.php?rest_route=\/wp\/v2\/posts\/357510","targetHints":{"allow":["GET"]}}],"collection":[{"href":"https:\/\/zonales.quito.gob.ec\/index.php?rest_route=\/wp\/v2\/posts"}],"about":[{"href":"https:\/\/zonales.quito.gob.ec\/index.php?rest_route=\/wp\/v2\/types\/post"}],"author":[{"embeddable":true,"href":"https:\/\/zonales.quito.gob.ec\/index.php?rest_route=\/wp\/v2\/users\/35910"}],"replies":[{"embeddable":true,"href":"https:\/\/zonales.quito.gob.ec\/index.php?rest_route=%2Fwp%2Fv2%2Fcomments&post=357510"}],"version-history":[{"count":7,"href":"https:\/\/zonales.quito.gob.ec\/index.php?rest_route=\/wp\/v2\/posts\/357510\/revisions"}],"predecessor-version":[{"id":357527,"href":"https:\/\/zonales.quito.gob.ec\/index.php?rest_route=\/wp\/v2\/posts\/357510\/revisions\/357527"}],"wp:featuredmedia":[{"embeddable":true,"href":"https:\/\/zonales.quito.gob.ec\/index.php?rest_route=\/wp\/v2\/media\/357509"}],"wp:attachment":[{"href":"https:\/\/zonales.quito.gob.ec\/index.php?rest_route=%2Fwp%2Fv2%2Fmedia&parent=357510"}],"wp:term":[{"taxonomy":"category","embeddable":true,"href":"https:\/\/zonales.quito.gob.ec\/index.php?rest_route=%2Fwp%2Fv2%2Fcategories&post=357510"},{"taxonomy":"post_tag","embeddable":true,"href":"https:\/\/zonales.quito.gob.ec\/index.php?rest_route=%2Fwp%2Fv2%2Ftags&post=357510"}],"curies":[{"name":"wp","href":"https:\/\/api.w.org\/{rel}","templated":true}]}}