{"id":358625,"date":"2026-03-11T12:53:54","date_gmt":"2026-03-11T17:53:54","guid":{"rendered":"https:\/\/zonales.quito.gob.ec\/?p=358625"},"modified":"2026-04-02T18:36:16","modified_gmt":"2026-04-02T23:36:16","slug":"rendicion-de-cuentas-az-eloy-alfaro-2","status":"publish","type":"post","link":"https:\/\/zonales.quito.gob.ec\/?p=358625","title":{"rendered":"Rendici\u00f3n de Cuentas AZ Eloy Alfaro"},"content":{"rendered":"\t\t<div data-elementor-type=\"wp-post\" data-elementor-id=\"358625\" class=\"elementor elementor-358625\" data-elementor-post-type=\"post\">\n\t\t\t\t\t\t<section class=\"elementor-section elementor-top-section elementor-element elementor-element-df397ca elementor-section-boxed elementor-section-height-default elementor-section-height-default\" data-id=\"df397ca\" data-element_type=\"section\" data-settings=\"{&quot;background_background&quot;:&quot;classic&quot;}\">\n\t\t\t\t\t\t\t<div class=\"elementor-background-overlay\"><\/div>\n\t\t\t\t\t\t\t<div class=\"elementor-container elementor-column-gap-default\">\n\t\t\t\t\t<div class=\"elementor-column elementor-col-100 elementor-top-column elementor-element elementor-element-65c945f\" data-id=\"65c945f\" data-element_type=\"column\">\n\t\t\t<div class=\"elementor-widget-wrap elementor-element-populated\">\n\t\t\t\t\t\t<section class=\"elementor-section elementor-inner-section elementor-element elementor-element-a6b9d03 elementor-section-boxed elementor-section-height-default elementor-section-height-default\" data-id=\"a6b9d03\" data-element_type=\"section\">\n\t\t\t\t\t\t<div class=\"elementor-container elementor-column-gap-default\">\n\t\t\t\t\t<div class=\"elementor-column elementor-col-100 elementor-inner-column elementor-element elementor-element-feb1b87\" data-id=\"feb1b87\" data-element_type=\"column\">\n\t\t\t<div class=\"elementor-widget-wrap elementor-element-populated\">\n\t\t\t\t\t\t<div class=\"elementor-element elementor-element-e6a9557 elementor-widget elementor-widget-heading\" data-id=\"e6a9557\" data-element_type=\"widget\" data-widget_type=\"heading.default\">\n\t\t\t\t<div class=\"elementor-widget-container\">\n\t\t\t\t\t<h4 class=\"elementor-heading-title elementor-size-default\">RENDICI\u00d3N DE CUENTAS<\/h4>\t\t\t\t<\/div>\n\t\t\t\t<\/div>\n\t\t\t\t<div class=\"elementor-element elementor-element-2162da7 elementor-view-default elementor-widget elementor-widget-icon\" data-id=\"2162da7\" data-element_type=\"widget\" data-widget_type=\"icon.default\">\n\t\t\t\t<div class=\"elementor-widget-container\">\n\t\t\t\t\t\t\t<div class=\"elementor-icon-wrapper\">\n\t\t\t<div class=\"elementor-icon\">\n\t\t\t<svg aria-hidden=\"true\" class=\"e-font-icon-svg e-fas-users\" viewBox=\"0 0 640 512\" xmlns=\"http:\/\/www.w3.org\/2000\/svg\"><path d=\"M96 224c35.3 0 64-28.7 64-64s-28.7-64-64-64-64 28.7-64 64 28.7 64 64 64zm448 0c35.3 0 64-28.7 64-64s-28.7-64-64-64-64 28.7-64 64 28.7 64 64 64zm32 32h-64c-17.6 0-33.5 7.1-45.1 18.6 40.3 22.1 68.9 62 75.1 109.4h66c17.7 0 32-14.3 32-32v-32c0-35.3-28.7-64-64-64zm-256 0c61.9 0 112-50.1 112-112S381.9 32 320 32 208 82.1 208 144s50.1 112 112 112zm76.8 32h-8.3c-20.8 10-43.9 16-68.5 16s-47.6-6-68.5-16h-8.3C179.6 288 128 339.6 128 403.2V432c0 26.5 21.5 48 48 48h288c26.5 0 48-21.5 48-48v-28.8c0-63.6-51.6-115.2-115.2-115.2zm-223.7-13.4C161.5 263.1 145.6 256 128 256H64c-35.3 0-64 28.7-64 64v32c0 17.7 14.3 32 32 32h65.9c6.3-47.4 34.9-87.3 75.2-109.4z\"><\/path><\/svg>\t\t\t<\/div>\n\t\t<\/div>\n\t\t\t\t\t\t<\/div>\n\t\t\t\t<\/div>\n\t\t\t\t\t<\/div>\n\t\t<\/div>\n\t\t\t\t\t<\/div>\n\t\t<\/section>\n\t\t\t\t<div class=\"elementor-element elementor-element-70e3656 elementor-widget elementor-widget-heading\" data-id=\"70e3656\" data-element_type=\"widget\" data-widget_type=\"heading.default\">\n\t\t\t\t<div class=\"elementor-widget-container\">\n\t\t\t\t\t<h1 class=\"elementor-heading-title elementor-size-default\">Administraci\u00f3n Zonal Eloy Alfaro<\/h1>\t\t\t\t<\/div>\n\t\t\t\t<\/div>\n\t\t\t\t\t<\/div>\n\t\t<\/div>\n\t\t\t\t\t<\/div>\n\t\t<\/section>\n\t\t\t\t<section class=\"elementor-section elementor-top-section elementor-element elementor-element-bdf1a0a elementor-section-boxed elementor-section-height-default elementor-section-height-default\" data-id=\"bdf1a0a\" data-element_type=\"section\" data-settings=\"{&quot;background_background&quot;:&quot;classic&quot;}\">\n\t\t\t\t\t\t<div class=\"elementor-container elementor-column-gap-default\">\n\t\t\t\t\t<div class=\"elementor-column elementor-col-100 elementor-top-column elementor-element elementor-element-fd3b444\" data-id=\"fd3b444\" data-element_type=\"column\">\n\t\t\t<div class=\"elementor-widget-wrap elementor-element-populated\">\n\t\t\t\t\t\t<div class=\"elementor-element elementor-element-e62d102 elementor-widget-mobile__width-auto e-n-tabs-mobile elementor-widget elementor-widget-n-tabs\" data-id=\"e62d102\" data-element_type=\"widget\" data-settings=\"{&quot;tabs_justify_horizontal&quot;:&quot;center&quot;,&quot;horizontal_scroll&quot;:&quot;disable&quot;}\" data-widget_type=\"nested-tabs.default\">\n\t\t\t\t<div class=\"elementor-widget-container\">\n\t\t\t\t\t\t\t<div class=\"e-n-tabs\" data-widget-number=\"241357058\" aria-label=\"Pesta\u00f1as. Abre elementos con Intro o Espacio, ci\u00e9rralos con Escape y navega con las fechas.\">\n\t\t\t<div class=\"e-n-tabs-heading\" role=\"tablist\">\n\t\t\t\t\t<button id=\"e-n-tab-title-2413570581\" data-tab-title-id=\"e-n-tab-title-2413570581\" class=\"e-n-tab-title\" aria-selected=\"true\" data-tab-index=\"1\" role=\"tab\" tabindex=\"0\" aria-controls=\"e-n-tab-content-2413570581\" style=\"--n-tabs-title-order: 1;\">\n\t\t\t\t\t\t<span class=\"e-n-tab-title-text\">\n\t\t\t\t2025\t\t\t<\/span>\n\t\t<\/button>\n\t\t\t\t<button id=\"e-n-tab-title-2413570582\" data-tab-title-id=\"e-n-tab-title-2413570582\" class=\"e-n-tab-title\" aria-selected=\"false\" data-tab-index=\"2\" role=\"tab\" tabindex=\"-1\" aria-controls=\"e-n-tab-content-2413570582\" style=\"--n-tabs-title-order: 2;\">\n\t\t\t\t\t\t<span class=\"e-n-tab-title-text\">\n\t\t\t\t2024\t\t\t<\/span>\n\t\t<\/button>\n\t\t\t\t<button id=\"e-n-tab-title-2413570583\" data-tab-title-id=\"e-n-tab-title-2413570583\" class=\"e-n-tab-title\" aria-selected=\"false\" data-tab-index=\"3\" role=\"tab\" tabindex=\"-1\" aria-controls=\"e-n-tab-content-2413570583\" style=\"--n-tabs-title-order: 3;\">\n\t\t\t\t\t\t<span class=\"e-n-tab-title-text\">\n\t\t\t\t2023\t\t\t<\/span>\n\t\t<\/button>\n\t\t\t\t<button id=\"e-n-tab-title-2413570584\" data-tab-title-id=\"e-n-tab-title-2413570584\" class=\"e-n-tab-title\" aria-selected=\"false\" data-tab-index=\"4\" role=\"tab\" tabindex=\"-1\" aria-controls=\"e-n-tab-content-2413570584\" style=\"--n-tabs-title-order: 4;\">\n\t\t\t\t\t\t<span class=\"e-n-tab-title-text\">\n\t\t\t\t2022\t\t\t<\/span>\n\t\t<\/button>\n\t\t\t\t<button id=\"e-n-tab-title-2413570585\" data-tab-title-id=\"e-n-tab-title-2413570585\" class=\"e-n-tab-title\" aria-selected=\"false\" data-tab-index=\"5\" role=\"tab\" tabindex=\"-1\" aria-controls=\"e-n-tab-content-2413570585\" style=\"--n-tabs-title-order: 5;\">\n\t\t\t\t\t\t<span class=\"e-n-tab-title-text\">\n\t\t\t\t2021\t\t\t<\/span>\n\t\t<\/button>\n\t\t\t\t\t<\/div>\n\t\t\t<div class=\"e-n-tabs-content\">\n\t\t\t\t<div id=\"e-n-tab-content-2413570581\" role=\"tabpanel\" aria-labelledby=\"e-n-tab-title-2413570581\" data-tab-index=\"1\" style=\"--n-tabs-title-order: 1;\" class=\"e-active elementor-element elementor-element-7af8e72 e-flex e-con-boxed e-con e-child\" data-id=\"7af8e72\" data-element_type=\"container\">\n\t\t\t\t\t<div class=\"e-con-inner\">\n\t\t\t\t<div class=\"elementor-element elementor-element-c8f2f41 elementor-widget elementor-widget-image\" data-id=\"c8f2f41\" data-element_type=\"widget\" data-widget_type=\"image.default\">\n\t\t\t\t<div class=\"elementor-widget-container\">\n\t\t\t\t\t\t\t\t\t\t\t\t\t\t\t<img fetchpriority=\"high\" decoding=\"async\" width=\"950\" height=\"251\" src=\"https:\/\/zonales.quito.gob.ec\/wp-content\/uploads\/Rendicion-de-cuentas-2025-Color.png\" class=\"attachment-full size-full wp-image-353086\" alt=\"\" \/>\t\t\t\t\t\t\t\t\t\t\t\t\t\t\t<\/div>\n\t\t\t\t<\/div>\n\t\t\t\t<div class=\"elementor-element elementor-element-8c5ec1b elementor-widget elementor-widget-text-editor\" data-id=\"8c5ec1b\" data-element_type=\"widget\" data-widget_type=\"text-editor.default\">\n\t\t\t\t<div class=\"elementor-widget-container\">\n\t\t\t\t\t\t\t\t\t<table width=\"934\"><tbody><tr><td style=\"text-align: center;\" colspan=\"3\" width=\"934\">\u00a0<\/td><\/tr><tr><td width=\"249\"><strong>Instituci\u00f3n:\u00a0<\/strong><\/td><td colspan=\"2\" width=\"685\">\u00a0ADMINISTRACI\u00d3N ZONAL ELOY ALFARO<\/td><\/tr><tr><td width=\"249\"><strong>Registro \u00danico de Contribuyente (RUC):\u00a0\u00a0<\/strong><\/td><td colspan=\"2\" width=\"685\">\u00a0 1760003410001<\/td><\/tr><tr><td width=\"249\"><strong>Per\u00edodo de rendici\u00f3n de cuentas:<\/strong><\/td><td colspan=\"2\" width=\"685\">1 de enero al 31 de diciembre de 2025<\/td><\/tr><tr><td width=\"249\"><strong>Cargo y nombre de representante legal de la Entidad:<\/strong><\/td><td colspan=\"2\" width=\"685\">\u00a0Ptlgo. Diego Fernando Pav\u00f3n Rengel<\/td><\/tr><tr><td rowspan=\"2\" width=\"249\"><strong>Equipo interno encargado de la RDC (2025):<\/strong><\/td><td colspan=\"2\" width=\"685\"><p>Srta. Mgs. Aracelly Victoria Cevallos Rivera, Directora Zonal de Participaci\u00f3n Ciudadana<\/p><p>Sra. Ing. Elvia Ivonne Tenorio Criollo, Directora Zonal Administrativa &#8211; Financiera<\/p><p>Srta. Mgs. Mar\u00eda Fernanda Su\u00e1rez Su\u00e1rez, Jefa de la Unidad Zonal de Planificacion\u00a0<\/p><p>Sr. Lcdo. Roberto Andr\u00e9s Yacovazzo Borja, Jefe de la Unidad Zonal de Comunicaci\u00f3n<\/p><\/td><\/tr><tr><td colspan=\"2\" width=\"685\"><span style=\"text-decoration: underline;\"><a href=\"https:\/\/zonales.quito.gob.ec\/wp-content\/uploads\/GADDMQ-AZEA-AZ-2026-0081-M.pdf\" target=\"_blank\" rel=\"noopener\">Delegaci\u00f3n Equipo institucional<\/a>\u00a0<\/span><\/td><\/tr><tr><td width=\"249\"><strong>Funci\u00f3n a la que pertenece:<\/strong><\/td><td colspan=\"2\" width=\"685\">Gobierno Aut\u00f3nomo Descentralizado del Distrito Metropolitano de Quito<\/td><\/tr><\/tbody><\/table><table width=\"934\"><tbody><tr><td style=\"text-align: center;\" colspan=\"3\" width=\"934\"><strong>FASE 1: PLANIFICACI\u00d3N Y FACILITACI\u00d3N DEL PROCESO DESDE LA ASAMBLEA LOCAL<\/strong><\/td><\/tr><tr><td width=\"249\"><strong>Cumplimiento Fase 1<\/strong><\/td><td width=\"337\"><strong>Respaldo<\/strong><\/td><td width=\"348\"><strong>Enlace para acceder al respaldo<\/strong><\/td><\/tr><tr><td rowspan=\"5\" width=\"249\">Documentos de la instituci\u00f3n<\/td><td width=\"337\">Plan Metropolitano de Desarrollo PMDOT<\/td><td width=\"348\"><span style=\"text-decoration: underline;\"><a href=\"https:\/\/zonales.quito.gob.ec\/wp-content\/uploads\/PMDOT-2024-2033-_-Plan-Metropolitano-de-Desarrollo-y-Ordenamiento-Territorial-1.pdf\" target=\"_blank\" rel=\"noopener\">PMDTO<\/a><\/span><\/td><\/tr><tr><td width=\"337\">Plan Operativo Anual (POA inicial y cierre)<\/td><td width=\"348\"><span style=\"text-decoration: underline;\"><a href=\"https:\/\/zonales.quito.gob.ec\/wp-content\/uploads\/POA-INICIAL-2025.pdf\" target=\"_blank\" rel=\"noopener\">POA (inicial 2025)<\/a><\/span><br \/><span style=\"text-decoration: underline;\"><a href=\"https:\/\/zonales.quito.gob.ec\/wp-content\/uploads\/POA-FINAL-2025.pdf\" target=\"_blank\" rel=\"noopener\">POA (final 2025)<\/a><\/span><\/td><\/tr><tr><td width=\"337\">Presupuesto institucional (inicial y cierre).<\/td><td width=\"348\"><span style=\"text-decoration: underline;\"><a href=\"https:\/\/zonales.quito.gob.ec\/wp-content\/uploads\/Presupuesto-inicial-2025.pdf\" target=\"_blank\" rel=\"noopener\">Presupuesto institucional (inicial 2025)<\/a><\/span><br \/><span style=\"text-decoration: underline;\"><a href=\"https:\/\/zonales.quito.gob.ec\/wp-content\/uploads\/Presupuesto-final-2025.pdf\" target=\"_blank\" rel=\"noopener\">Presupuesto institucional (final 2025)<\/a><\/span><\/td><\/tr><tr><td width=\"337\">Oferta de campa\u00f1a (CNE) Alcalde\u00a0<\/td><td width=\"348\"><span style=\"text-decoration: underline;\"><a href=\"https:\/\/zonales.quito.gob.ec\/wp-content\/uploads\/Plan-de-Campana-Alcalde.pdf\" target=\"_blank\" rel=\"noopener\">Plan de campa\u00f1a Alcalde<\/a><\/span><\/td><\/tr><tr><td width=\"337\">Competencias de la instituci\u00f3n<\/td><td width=\"348\"><a href=\"https:\/\/zonales.quito.gob.ec\/wp-content\/uploads\/Lista-de-competencias-de-la-institucion-1.pdf\" target=\"_blank\" rel=\"noopener\"><span style=\"text-decoration: underline;\">Lista de competencias de la instituci\u00f3n<\/span><\/a><\/td><\/tr><tr><td rowspan=\"2\" width=\"249\">Sustento de la recepci\u00f3n del listado de temas sobre los cuales la ciudadan\u00eda solicita que se rinda cuentas<\/td><td width=\"337\">Convocatoria ciudadana (consulta de temas)<\/td><td width=\"348\"><span style=\"text-decoration: underline;\"><a href=\"https:\/\/zonales.quito.gob.ec\/wp-content\/uploads\/Convocatoria-consultas-ciudadanas-RDC2025.pdf\" target=\"_blank\" rel=\"noopener\">Convocatoria a la ciudadan\u00eda para acordar temas<\/a><\/span><\/td><\/tr><tr><td width=\"337\">Acta de la reuni\u00f3n de consulta a la ciudadan\u00eda<br \/>Listado de temas entregados a la instituci\u00f3n<\/td><td width=\"348\"><span style=\"text-decoration: underline;\"><a href=\"https:\/\/zonales.quito.gob.ec\/wp-content\/uploads\/AZEA_RDC2025_Acta_consultas_ciudadanas_12.03.26.pdf\" target=\"_blank\" rel=\"noopener\">Acta de reuni\u00f3n y listado de temas entregados por la ciudadan\u00eda<\/a><\/span><\/td><\/tr><tr><td width=\"249\">Sustento de la conformaci\u00f3n del equipo t\u00e9cnico mixto para organizar y facilitar el proceso de rendici\u00f3n de cuentas<\/td><td width=\"337\">*Acta de conformaci\u00f3n del Equipo t\u00e9cnico mixto\u00a0<\/td><td width=\"348\">Conformaci\u00f3n comisiones mixtas<\/td><\/tr><\/tbody><\/table><table width=\"934\"><tbody><tr><td style=\"text-align: center;\" colspan=\"3\" width=\"934\"><strong>FASE 2 &#8211; EVALUACI\u00d3N DE LA GESTI\u00d3N Y ELABORACI\u00d3N DEL INFORME INSTITUCIONAL<\/strong><\/td><\/tr><tr><td width=\"249\"><strong>Cumplimiento Fase 2<\/strong><\/td><td width=\"337\"><strong>Respaldo<\/strong><\/td><td width=\"348\"><strong>Enlace para acceder al respaldo<\/strong><\/td><\/tr><tr><td rowspan=\"6\" width=\"249\">\u00a0Sustento de la entrega del informe<br \/>preliminar y formulario de rendici\u00f3n de cuentas institucional con 10 d\u00edas t\u00e9rmino de antelaci\u00f3n a la deliberaci\u00f3n p\u00fablica a la Asamblea Local Ciudadana o quien haga sus veces<\/td><td width=\"337\">Actas de reuniones de la Comisi\u00f3n mixta 1 (encargada de la elaboraci\u00f3n del informe)<\/td><td width=\"348\">Acta reuni\u00f3n Comisi\u00f3n mixta 1<\/td><\/tr><tr><td width=\"337\">Informe de RDC aprobado por la m\u00e1xima autoridad de la entidad.<\/td><td width=\"348\">Informe narrativo RDC<\/td><\/tr><tr><td width=\"337\">Formulario RDC preliminar (Excel con v\u00ednculos habilitados)<\/td><td width=\"348\">Formulario RDC preliminar<\/td><\/tr><tr><td width=\"337\">Aprobaci\u00f3n del informe por parte de la m\u00e1xima autoridad de la instituci\u00f3n<\/td><td width=\"348\">Aprobaci\u00f3n del informe\u00a0<\/td><\/tr><tr><td width=\"337\">Acta de entrega previa del informe a la Asamblea Local o quien haga sus veces (representantes ciudadan\u00eda)<\/td><td width=\"348\"><p>Acta entrega de informe a la ciudadan\u00eda<\/p><p>Fecha de entrega \/ recepci\u00f3n: 00 de mes de 2026<\/p><\/td><\/tr><tr><td width=\"337\">Actas de reuniones de la Comisi\u00f3n mixta 2 (encargada del evento de deliberaci\u00f3n p\u00fablica)<\/td><td width=\"348\">Acta reuni\u00f3n Comisi\u00f3n mixta 2<\/td><\/tr><\/tbody><\/table><table width=\"934\"><tbody><tr><td style=\"text-align: center;\" colspan=\"3\" width=\"934\"><strong>FASE 3 &#8211; DELIBERACI\u00d3N P\u00daBLICA Y EVALUACI\u00d3N CIUDADANA DEL INFORME INSTITUCIONAL<\/strong><\/td><\/tr><tr><td width=\"249\"><strong>Cumplimiento Fase 3<\/strong><\/td><td width=\"337\"><strong>Respaldo<\/strong><\/td><td width=\"348\"><strong>Enlace para acceder al respaldo<\/strong><\/td><\/tr><tr><td rowspan=\"4\" width=\"249\">Sustento de la difusi\u00f3n del informe de RDC y la convocatoria al evento deliberativo\u00a0<\/td><td width=\"337\">Evidencia de la difusi\u00f3n previa del informe de RDC aprobado<\/td><td width=\"348\">Difusi\u00f3n del informe de RDC aprobado<\/td><\/tr><tr><td rowspan=\"3\" width=\"337\">Convocatoria a la deliberaci\u00f3n p\u00fablica y evaluaci\u00f3n ciudadana<\/td><td width=\"348\">Convocatoria p\u00fablica a evento<\/td><\/tr><tr><td width=\"348\">Fecha evento deliberativo: 00 de mes de 2026<\/td><\/tr><tr><td width=\"348\">Invitaciones directas<\/td><\/tr><tr><td rowspan=\"2\" width=\"249\">Sustento de la intervenci\u00f3n de la<br \/>Asamblea Local Ciudadana o de quien cumpli\u00f3 sus veces, como parte de la agenda de la deliberaci\u00f3n p\u00fablica<\/td><td rowspan=\"2\" width=\"337\">Constancia de que la Asamblea Ciudadana Local (representantes ciudadanos) eval\u00faa el informe de Rendici\u00f3n de Cuentas (intervenci\u00f3n en el evento)<\/td><td width=\"348\">Orden del d\u00eda<\/td><\/tr><tr><td width=\"348\">Grabaci\u00f3n evento deliberativo<\/td><\/tr><tr><td width=\"249\">Sustento de la realizaci\u00f3n de mesas de trabajo durante el espacio deliberativo<\/td><td width=\"337\">Constancia de la realizaci\u00f3n de las mesas de trabajo y acta de compromisos<\/td><td width=\"348\">Reporte de la deliberaci\u00f3n p\u00fablica<\/td><\/tr><\/tbody><\/table><table width=\"934\"><tbody><tr><td style=\"text-align: center;\" colspan=\"3\" width=\"934\"><strong>FASE 4 -INCORPORACI\u00d3N DE LA OPINI\u00d3N CIUDADANA, RETROALIMENTACI\u00d3N Y SEGUIMIENTO<\/strong><\/td><\/tr><tr><td width=\"249\"><strong>Cumplimiento Fase 4<\/strong><\/td><td width=\"337\"><strong>Respaldo<\/strong><\/td><td width=\"348\"><strong>Enlace para acceder al respaldo<\/strong><\/td><\/tr><tr><td width=\"249\">Sustento de la elaboraci\u00f3n del Plan de trabajo incorporando las recomendaciones ciudadanas a su gesti\u00f3n<\/td><td width=\"337\">Plan de Trabajo que recoja las sugerencias y recomendaciones de la ciudadan\u00eda para implementarlas en la gesti\u00f3n de la instituci\u00f3n<\/td><td width=\"348\">Plan de trabajo<\/td><\/tr><tr><td rowspan=\"3\" width=\"249\"><p>Sustento de\u00a0 la entrega del<br \/>plan de trabajo a la Asamblea Local Ciudadana o quien cumple sus veces, con su respectivo recibido<\/p><\/td><td rowspan=\"4\" width=\"337\">Constancia de entrega del Plan de Trabajo a: <br \/>* Asamblea Local Ciudadana o quien cumpli\u00f3 sus funciones<br \/>*Consejo de Planificaci\u00f3n<br \/>*CPCCS<\/td><td width=\"348\">Oficio entrega plan de trabajo a la Asamblea Ciudadana<\/td><\/tr><tr><td width=\"348\">Oficio entrega plan de trabajo al Consejo de Planificaci\u00f3n<\/td><\/tr><tr><td width=\"348\"><p>Constancia entrega plan de trabajo al CPCCS:<\/p><p>Formulario RDC final c\u00f3digo QR<\/p><\/td><\/tr><tr><td width=\"249\">Sustento de que la entidad present\u00f3 su informe de rendici\u00f3n<br \/>de cuentas dentro del plazo correspondiente para el proceso<\/td><td width=\"348\"><p>Fecha de finalizaci\u00f3n: 00 de mes de 2026<\/p><p>Correo notificaci\u00f3n finalizaci\u00f3n<\/p><\/td><\/tr><tr><td width=\"249\">Sustento de que se cumplieron las<br \/>recomendaciones del a\u00f1o anterior<\/td><td width=\"337\">Constancia de cumplimiento de las recomendaciones del a\u00f1o anterior <br \/>(Acta de compromisos y Plan de trabajo)<\/td><td width=\"348\">Informe de cumplimiento<\/td><\/tr><\/tbody><\/table>\t\t\t\t\t\t\t\t<\/div>\n\t\t\t\t<\/div>\n\t\t\t\t\t<\/div>\n\t\t\t\t<\/div>\n\t\t<div id=\"e-n-tab-content-2413570582\" role=\"tabpanel\" aria-labelledby=\"e-n-tab-title-2413570582\" data-tab-index=\"2\" style=\"--n-tabs-title-order: 2;\" class=\" elementor-element elementor-element-e4d26b0 e-con-full e-flex e-con e-child\" data-id=\"e4d26b0\" data-element_type=\"container\">\n\t\t\t\t<div class=\"elementor-element elementor-element-be88521 elementor-widget elementor-widget-image\" data-id=\"be88521\" data-element_type=\"widget\" data-widget_type=\"image.default\">\n\t\t\t\t<div class=\"elementor-widget-container\">\n\t\t\t\t\t\t\t\t\t\t\t\t\t\t\t<img decoding=\"async\" width=\"2560\" height=\"650\" src=\"https:\/\/zonales.quito.gob.ec\/wp-content\/uploads\/rendicion-2024-scaled.png\" class=\"attachment-full size-full wp-image-280982\" alt=\"\" srcset=\"https:\/\/zonales.quito.gob.ec\/wp-content\/uploads\/rendicion-2024-scaled.png 2560w, https:\/\/zonales.quito.gob.ec\/wp-content\/uploads\/rendicion-2024-1024x260.png 1024w, https:\/\/zonales.quito.gob.ec\/wp-content\/uploads\/rendicion-2024-768x195.png 768w, https:\/\/zonales.quito.gob.ec\/wp-content\/uploads\/rendicion-2024-1536x390.png 1536w, https:\/\/zonales.quito.gob.ec\/wp-content\/uploads\/rendicion-2024-2048x520.png 2048w\" sizes=\"(max-width: 2560px) 100vw, 2560px\" \/>\t\t\t\t\t\t\t\t\t\t\t\t\t\t\t<\/div>\n\t\t\t\t<\/div>\n\t\t\t\t<div class=\"elementor-element elementor-element-4d50b29 elementor-widget elementor-widget-text-editor\" data-id=\"4d50b29\" data-element_type=\"widget\" data-widget_type=\"text-editor.default\">\n\t\t\t\t<div class=\"elementor-widget-container\">\n\t\t\t\t\t\t\t\t\t<table width=\"557\"><tbody><tr><td width=\"118\"><span style=\"color: #000000;\"><strong>Instituci\u00f3n:\u00a0<\/strong><\/span><\/td><td style=\"text-align: center;\" colspan=\"2\" width=\"439\"><span style=\"color: #000000;\"><b>ADMINISTRACI\u00d3N ZONAL ELOY ALFARO<\/b><\/span><\/td><\/tr><tr><td width=\"118\">Registro \u00danico de Contribuyente (RUC):\u00a0\u00a0<\/td><td style=\"text-align: center;\" colspan=\"2\" width=\"439\">1760003410001<\/td><\/tr><tr><td width=\"118\">Per\u00edodo de rendici\u00f3n de cuentas:<\/td><td style=\"text-align: center;\" colspan=\"2\" width=\"439\">2024<\/td><\/tr><tr><td width=\"118\">Cargo y nombre de representante legal de la Entidad:<\/td><td style=\"text-align: center;\" colspan=\"2\" width=\"439\"><p>Polit\u00f3logo Diego Fernando Pav\u00f3n Rengel<\/p><p>Administrador Zonal Eloy Alfaro<\/p><\/td><\/tr><tr><td width=\"118\">Equipo encargado de la RDC (2024):<\/td><td colspan=\"2\" width=\"439\"><p>Srta. Mgs. Mar\u00eda Fernanda Su\u00e1rez Su\u00e1rez, Jefa de la Unidad Zonal de Planificaci\u00f3n<\/p><p>Sra. Mgs. Mar\u00eda Alejandra Del Alc\u00e0zar Flores, Directora Zonal de Asesor\u00eda Jur\u00eddica<\/p><p>Srta. Lcda. Domenica Gabriela Noboa Landeta, Analista de Compras P\u00fablicas<\/p><p>Sr. Tlgo. Bryan Wladimir Manzaba Castro, Jefe Zonal de la Unidad de Inform\u00e1tica<\/p><p>Srta. Lcda. Dayana Andrea Carrera Guartan, Jefa de la Unidad Zonal de Comunicaci\u00f3n<\/p><a href=\"https:\/\/zonales.quito.gob.ec\/wp-content\/uploads\/Anexo-1-Conformacion_equipo_interno_GADDMQ-AZEA-AZ-2025-0270-M.pdf\">Delegaci\u00f3n Equipo institucional\u00a0<\/a><\/td><\/tr><tr><td width=\"118\">GAD: Municipio del Distrito Metropolitano de Quito\u00a0<\/td><td colspan=\"2\" width=\"439\">Rendici\u00f3n de cuentas 2024 MDMQ<\/td><\/tr><\/tbody><\/table><table width=\"557\"><tbody><tr><td style=\"text-align: center;\" colspan=\"3\" width=\"557\"><span style=\"color: #000000;\"><strong>FASE 1: PLANIFICACI\u00d3N Y FACILITACI\u00d3N DEL PROCESO<\/strong><\/span><\/td><\/tr><tr><td style=\"text-align: center;\" width=\"118\"><strong>Momento de la Fase<\/strong><\/td><td style=\"text-align: center;\" width=\"324\"><strong>Respaldo<\/strong><\/td><td style=\"text-align: center;\" width=\"115\"><strong>Enlace para acceder al respaldo<\/strong><\/td><\/tr><tr><td width=\"118\">1. Organizaci\u00f3n del proceso<\/td><td width=\"324\">*Convocatoria ciudadana (consulta de temas)<br \/>*Acta y registro de participantes<\/td><td width=\"115\"><p><a href=\"https:\/\/zonales.quito.gob.ec\/wp-content\/uploads\/Anexo-2-convocatoria-a-la-ciudadania-a-la-consulta.jpg\"><span style=\"text-decoration: underline;\">Convocatoria a la ciudadan\u00eda<\/span><\/a><\/p><p><a href=\"https:\/\/zonales.quito.gob.ec\/wp-content\/uploads\/Anexo-3-Acta-y-registro-de-participantes.pdf\"><span style=\"text-decoration: underline;\">Acta y registro de participantes<\/span><\/a><\/p><\/td><\/tr><tr><td width=\"118\">2. Consulta ciudadana<\/td><td width=\"324\">*Plan Metropolitano de Desarrollo PMDOT<br \/>*Plan Operativo Anual (POA inicial y cierre)<br \/>*Presupuesto institucional (inicial y cierre).<br \/>*Oferta de campa\u00f1a (CNE) Alcalde <br \/>*Listado de temas alineados a las competencias municipales para la RDC<\/td><td width=\"115\"><p><a href=\"https:\/\/zonales.quito.gob.ec\/wp-content\/uploads\/Anexo-4-PMDOT.pdf\"><span style=\"text-decoration: underline;\">PMDOT<\/span><\/a><\/p><p><a href=\"https:\/\/zonales.quito.gob.ec\/wp-content\/uploads\/Anexo-5-POA-AZEA.pdf\"><span style=\"text-decoration: underline;\">POA 2024<\/span><\/a><\/p><p><a href=\"https:\/\/zonales.quito.gob.ec\/wp-content\/uploads\/Anexo-6-ord-pmu-009-2023-presupuesto_aprobado_2024.pdf\"><span style=\"text-decoration: underline;\">Presupuesto institucional 2024<\/span><\/a><\/p><p><a href=\"https:\/\/zonales.quito.gob.ec\/wp-content\/uploads\/Anexo-7-plan_de_gobierno_2023-2027.pdf\"><span style=\"text-decoration: underline;\">Plan Alcalde<\/span><\/a><\/p><p><a href=\"https:\/\/zonales.quito.gob.ec\/wp-content\/uploads\/Anexo-8-compentencias-de-la-entidad.pdf\"><span style=\"text-decoration: underline;\">Competencias de la entidad<\/span><\/a><\/p><\/td><\/tr><tr><td width=\"118\">3. Entrega de temas para que el GAD \/ Entidad rinda cuentas<\/td><td width=\"324\">*Listado de temas entregados al GAD \/ Entidad (resultado de la consulta a la<span style=\"text-decoration: underline;\"> ciudadan\u00eda).<\/span><\/td><td width=\"115\"><a href=\"https:\/\/zonales.quito.gob.ec\/wp-content\/uploads\/Anexo-9-Listado-de-temas-de-consulta-ciudadana.pdf\"><span style=\"text-decoration: underline;\">Listado temas entregados por la ciudadan\u00eda<\/span><\/a><\/td><\/tr><tr><td rowspan=\"2\" width=\"118\">4. Instancia de participaci\u00f3n<\/td><td width=\"324\">*Conformaci\u00f3n de las comisiones mixtas (integrantes y responsables)\u00a0<\/td><td width=\"115\"><a href=\"https:\/\/zonales.quito.gob.ec\/wp-content\/uploads\/Anexo-10-conformacion-comisiones-mixtas.pdf\"><span style=\"text-decoration: underline;\">Conformaci\u00f3n comisiones mixtas<\/span><\/a><\/td><\/tr><tr><td width=\"324\">*Actas de reuniones de la Comisi\u00f3n mixta 1 (encargada de la elaboraci\u00f3n del informe)<br \/>*Actas de reuniones de la Comisi\u00f3n mixta 2 (encargada del evento de deliberaci\u00f3n p\u00fablica)<br \/>*Metodolog\u00eda de las mesas de trabajo (para evento de deliberaci\u00f3n p\u00fablica)<\/td><td width=\"115\"><p><a href=\"https:\/\/zonales.quito.gob.ec\/wp-content\/uploads\/Anexo-11-conformacion-comision-mixta-uno.pdf\"><span style=\"text-decoration: underline;\">Acta reuni\u00f3n Comisi\u00f3n mixta 1<\/span><\/a><\/p><p><a href=\"https:\/\/zonales.quito.gob.ec\/wp-content\/uploads\/Anexo-12-conformacion-comision-mixta-dos.pdf\"><span style=\"text-decoration: underline;\">Acta reuni\u00f3n Comisi\u00f3n mixta 2<\/span><\/a><\/p><p><a href=\"https:\/\/zonales.quito.gob.ec\/wp-content\/uploads\/Anexo-13-Metodologia_Consultas_Ciudadanas_rdc_2024_rev_27_04_signed-signed.pdf\"><span style=\"text-decoration: underline;\">Metodolog\u00eda mesas de trabajo evento<\/span><\/a><\/p><\/td><\/tr><\/tbody><\/table><table width=\"557\"><tbody><tr><td style=\"text-align: center;\" colspan=\"3\" width=\"557\"><span style=\"color: #000000;\"><strong>FASE 2 &#8211; EVALUACI\u00d3N DE LA GESTI\u00d3N Y ELABORACI\u00d3N DEL INFORME DE RENDICI\u00d3N DE CUENTAS<\/strong><\/span><\/td><\/tr><tr><td style=\"text-align: center;\" width=\"118\"><strong>Momento de la Fase<\/strong><\/td><td style=\"text-align: center;\" width=\"324\"><strong>Respaldo<\/strong><\/td><td style=\"text-align: center;\" width=\"115\"><strong>Enlace para acceder al respaldo<\/strong><\/td><\/tr><tr><td rowspan=\"4\" width=\"118\">Evaluaci\u00f3n de la gesti\u00f3n y elaboraci\u00f3n del informe de rendici\u00f3n de cuentas<\/td><td width=\"324\">1. Evaluaci\u00f3n de la gesti\u00f3n institucional<br \/>Informe de RDC aprobado por la m\u00e1xima autoridad de la entidad.<\/td><td width=\"115\"><a href=\"https:\/\/zonales.quito.gob.ec\/wp-content\/uploads\/Anexo-14-Informe_Gestion_Preliminar_13.6.25-signed.pdf\"><span style=\"text-decoration: underline;\">Informe narrativo RDC<\/span><\/a><\/td><\/tr><tr><td width=\"324\">2. Llenado formulario RDC del CPCCS<br \/>Formulario RDC preliminar (Excel con v\u00ednculos habilitados)<\/td><td width=\"115\"><a href=\"https:\/\/zonales.quito.gob.ec\/wp-content\/uploads\/Anexo-15-_Formulario_Preliminar_RDC2024_junio2025.pdf\"><span style=\"text-decoration: underline;\">Formulario RDC preliminar<\/span><\/a><\/td><\/tr><tr><td width=\"324\">3. Aprobaci\u00f3n del informe por el GAD \/ Entidad<\/td><td width=\"115\"><a href=\"https:\/\/zonales.quito.gob.ec\/wp-content\/uploads\/Anexo-14-Informe_Gestion_Preliminar_13.6.25-signed.pdf\"><span style=\"text-decoration: underline;\">Aprobaci\u00f3n del informe\u00a0<\/span><\/a><\/td><\/tr><tr><td width=\"324\">4. Entrega previa del informe a la Asamblea Local (representantes ciudadan\u00eda)<\/td><td width=\"115\"><a href=\"https:\/\/zonales.quito.gob.ec\/wp-content\/uploads\/Anexo-16-Entrega-de-informe-y-formulario-a-la-asamblea-local-GADDMQ-AZEA-AZ-2025-2986-O.pdf\"><span style=\"text-decoration: underline;\">Acta entrega de informe a la ciudadan\u00eda<\/span><\/a><\/td><\/tr><\/tbody><\/table><table width=\"557\"><tbody><tr><td style=\"text-align: center;\" colspan=\"3\" width=\"557\"><span style=\"color: #333333;\"><strong>FASE 3 &#8211; DELIBERACI\u00d3N P\u00daBLICA Y EVALUACI\u00d3N CIUDADANA DEL INFORME DE RENDICI\u00d3N DE CUENTAS<\/strong><\/span><\/td><\/tr><tr><td style=\"text-align: center;\" width=\"118\"><strong><span style=\"color: #333333;\">Momento de la Fase<\/span><\/strong><\/td><td style=\"text-align: center;\" width=\"324\"><strong><span style=\"color: #333333;\">Respaldo<\/span><\/strong><\/td><td style=\"text-align: center;\" width=\"115\"><strong><span style=\"color: #333333;\">Enlace para acceder al respald<\/span><span style=\"color: #333333;\">o<\/span><\/strong><\/td><\/tr><tr><td rowspan=\"3\" width=\"118\"><span style=\"color: #333333;\">Deliberaci\u00f3n p\u00fablica y evaluaci\u00f3n ciudadana del informe de rendici\u00f3n de cuentas<\/span><\/td><td width=\"324\"><span style=\"color: #333333;\">1.\u00a0 La Asamblea Ciudadana Local (representantes ciudadanos) eval\u00faa el informe de Rendici\u00f3n de Cuentas (intervenci\u00f3n en el evento)<\/span><\/td><td width=\"115\"><p><span style=\"text-decoration: underline;\"><span style=\"color: #333333; text-decoration: underline;\">Nombre representante ciudadano<\/span><\/span><\/p><p><span style=\"text-decoration: underline;\"><span style=\"color: #333333; text-decoration: underline;\">Valoraci\u00f3n del representante ciudadano<\/span><\/span><\/p><p><span style=\"text-decoration: underline;\"><span style=\"color: #333333; text-decoration: underline;\">Presentaci\u00f3n de la m\u00e1xima autoridad<\/span><\/span><\/p><\/td><\/tr><tr><td width=\"324\"><span style=\"color: #333333;\">2. Convocatoria a la deliberaci\u00f3n p\u00fablica y evaluaci\u00f3n ciudadana<\/span><\/td><td width=\"115\"><p><span style=\"text-decoration: underline;\"><span style=\"color: #333333; text-decoration: underline;\">Convocatoria p\u00fablica a evento<\/span><\/span><\/p><p><span style=\"text-decoration: underline;\"><span style=\"color: #333333; text-decoration: underline;\">Invitaciones directas<\/span><\/span><\/p><\/td><\/tr><tr><td width=\"324\"><span style=\"color: #333333;\">3. Deliberaci\u00f3n p\u00fablica y evaluaci\u00f3n ciudadana<\/span><br \/><span style=\"color: #333333;\">*Orden del d\u00eda del evento de deliberaci\u00f3n p\u00fablica <\/span><br \/><span style=\"color: #333333;\">*Enlace al video \/ grabaci\u00f3n del evento deliberativo<\/span><br \/><span style=\"color: #333333;\">*Reporte de la deliberaci\u00f3n p\u00fablica.<\/span><\/td><td width=\"115\"><p><span style=\"text-decoration: underline;\"><span style=\"color: #333333; text-decoration: underline;\">Orden del d\u00eda evento<\/span><\/span><\/p><p><span style=\"text-decoration: underline;\"><span style=\"color: #333333; text-decoration: underline;\">Grabaci\u00f3n evento deliberativo<\/span><\/span><\/p><p><span style=\"text-decoration: underline;\"><span style=\"color: #333333; text-decoration: underline;\">Reporte de la deliberaci\u00f3n p\u00fablica<\/span><\/span><\/p><\/td><\/tr><\/tbody><\/table><table width=\"557\"><tbody><tr><td style=\"text-align: center;\" colspan=\"3\" width=\"557\"><span style=\"color: #333333;\"><strong>FASE 4 &#8211; INCORPORACI\u00d3N DE LA OPINI\u00d3N CIUDADANA, RETROALIMENTACI\u00d3N Y SEGUIMIENTO<\/strong><\/span><\/td><\/tr><tr><td style=\"text-align: center;\" width=\"118\"><strong><span style=\"color: #333333;\">Momento de la Fase<\/span><\/strong><\/td><td style=\"text-align: center;\" width=\"324\"><strong><span style=\"color: #333333;\">Respaldo<\/span><\/strong><\/td><td style=\"text-align: center;\" width=\"115\"><strong><span style=\"color: #333333;\">Enlace para acceder al respaldo<\/span><\/strong><\/td><\/tr><tr><td rowspan=\"2\" width=\"118\"><span style=\"color: #333333;\">Incorporaci\u00f3n de la opini\u00f3n ciudadana, retroalimentaci\u00f3n y seguimiento<\/span><\/td><td width=\"324\"><span style=\"color: #333333;\">1. Incorporaci\u00f3n de opini\u00f3n ciudadana. Plan de trabajo.<\/span><\/td><td width=\"115\"><span style=\"text-decoration: underline;\"><span style=\"color: #333333; text-decoration: underline;\">Plan de trabajo<\/span><\/span><\/td><\/tr><tr><td width=\"324\"><span style=\"color: #333333;\">2. Entrega del Informe de Rendici\u00f3n de Cuentas al CPCCS <\/span><br \/><span style=\"color: #333333;\">*Formulario final RDC que contiene el C\u00f3digo QR<\/span><br \/><span style=\"color: #333333;\">*Oficio o Acta entrega \/ recepci\u00f3n del plan de trabajo a la ciudadan\u00eda<\/span><br \/><span style=\"color: #333333;\">*Correo electr\u00f3nico de acuse recibo enviado por el CPCCS que contiene la fecha de finalizaci\u00f3n del registro de la RDC<\/span><\/td><td width=\"115\"><p><span style=\"text-decoration: underline;\"><span style=\"color: #333333; text-decoration: underline;\">Formulario RDC final c\u00f3digo QR<\/span><\/span><\/p><p><span style=\"text-decoration: underline;\"><span style=\"color: #333333; text-decoration: underline;\">Acta entrega plan de trabajo<\/span><\/span><\/p><p><span style=\"text-decoration: underline;\"><span style=\"color: #333333; text-decoration: underline;\">Correo acuse recibo finalizaci\u00f3n<\/span><\/span><\/p><\/td><\/tr><\/tbody><\/table>\t\t\t\t\t\t\t\t<\/div>\n\t\t\t\t<\/div>\n\t\t\t\t<\/div>\n\t\t<div id=\"e-n-tab-content-2413570583\" role=\"tabpanel\" aria-labelledby=\"e-n-tab-title-2413570583\" data-tab-index=\"3\" style=\"--n-tabs-title-order: 3;\" class=\" elementor-element elementor-element-f7b07eb e-con-full e-flex e-con e-child\" data-id=\"f7b07eb\" data-element_type=\"container\">\n\t\t\t\t<div class=\"elementor-element elementor-element-b73dbe1 elementor-widget elementor-widget-text-editor\" data-id=\"b73dbe1\" data-element_type=\"widget\" data-widget_type=\"text-editor.default\">\n\t\t\t\t<div class=\"elementor-widget-container\">\n\t\t\t\t\t\t\t\t\t<p><strong>Informe de rendici\u00f3n de cuentas de Alcald\u00eda (GAD MDMQ)<\/strong><\/p><ul><li><a href=\"https:\/\/zonales.quito.gob.ec\/wp-content\/uploads\/1.10.ord-002-2022-pmdot-pugs-3.pdf\"><u>Plan Metropolitano de Desarrollo y Ordenamiento territorial (PMDOT) 2021 \u2013 2033, con sus respectivos ap\u00e9ndices, aprobado mediante Ordenanza PMDOT-PUGS No. 001 \u2013 2021<\/u><\/a><\/li><li><a href=\"https:\/\/zonales.quito.gob.ec\/wp-content\/uploads\/7.1.ord-008-2023-pmu_presupuesto_2023.pdf\"><u>Presupuesto institucional 2023<\/u><\/a><\/li><li><a href=\"https:\/\/zonales.quito.gob.ec\/wp-content\/uploads\/5.1-POA_2023_Actual_Administracion-1.pdf\"><u>Plan Operativo Anual (POA) 2023<\/u><\/a><\/li><li><a href=\"https:\/\/zonales.quito.gob.ec\/wp-content\/uploads\/3.1.plan_de_gobierno_2023-2027-3.pdf\"><u>Plan de Gobierno &#8211; Campa\u00f1a Alcald\u00eda 2023 &#8211; 2027<\/u><\/a><\/li><li><a href=\"https:\/\/zonales.quito.gob.ec\/wp-content\/uploads\/5.1-POA_2023_Actual_Administracion-1.pdf\">Rendici\u00f3n de cuentas 2022 del GAD MDMQ<\/a><\/li><li><u>Catastro Municipal 2023<\/u><\/li><\/ul><p><strong>Informe de rendici\u00f3n de cuentas de la Administraci\u00f3n Zonal Eloy Alfaro (GAD MDMQ)<\/strong><\/p><ul><li><a href=\"https:\/\/zonales.quito.gob.ec\/wp-content\/uploads\/CP-2023-12-31-Eloy-Alfaro-Planificacion-signed.pdf\"><span style=\"text-decoration: underline;\">Presupuesto institucional 2023<\/span><\/a><\/li><li><a href=\"https:\/\/zonales.quito.gob.ec\/wp-content\/uploads\/Plan-Operativo-anual-FINAL-2023-AZEA.pdf\"><span style=\"text-decoration: underline;\">Plan Operativo Anual (POA) 2023<\/span><\/a><\/li><li><span style=\"text-decoration: underline;\"><a href=\"https:\/\/zonales.quito.gob.ec\/wp-content\/uploads\/Informe-Narrativo-AZEA-aprobado.pdf\">Informe Narrativo AZEA aprobado<\/a><\/span><\/li><li><a href=\"https:\/\/zonales.quito.gob.ec\/wp-content\/uploads\/Invitacion-RC-2023-01-1.jpg\"><u>Convocatoria (invitaci\u00f3n) a la deliberaci\u00f3n p\u00fablica de rendici\u00f3n de cuentas 2023<\/u><\/a><\/li><li><a href=\"https:\/\/www.facebook.com\/share\/p\/txwvqM1Exr9FW7bw\/?mibextid=WC7FNe\" target=\"_blank\" rel=\"noopener\">Evento deliberaci\u00f3n p\u00fablica rendici\u00f3n de cuentas 2023<\/a><\/li><li><a href=\"https:\/\/zonales.quito.gob.ec\/wp-content\/uploads\/Informe-de-Rendicion-de-Cuentas-2023-registrado-en-la-plataforma-virtual-del-Consejo-de-Participacion-Ciudadana-y-Control-Social-CPCCS-1.pdf\"><span style=\"text-decoration: underline;\">Informe de Rendici\u00f3n de Cuentas\u00a0 2023 registrado en la plataforma virtual del Consejo de Participaci\u00f3n Ciudadana y Control Social (CPCCS)<\/span><\/a><\/li><li><a href=\"https:\/\/zonales.quito.gob.ec\/wp-content\/uploads\/Correo-de-confirmacion-de-finalizacion-de-proceso-CPCCS-AZEA-2023.pdf\"><span style=\"text-decoration: underline;\">Correo de confirmaci\u00f3n de finalizaci\u00f3n del proceso de rendici\u00f3n de cuentas 2023 en la plataforma del CPCCS<\/span><\/a><\/li><li><a href=\"https:\/\/zonales.quito.gob.ec\/wp-content\/uploads\/Plan-de-trabajo-acciones-de-mejora-1.pdf\" target=\"_blank\" rel=\"noopener\">Plan de trabajo acciones de mejora<\/a><\/li><li><a href=\"https:\/\/zonales.quito.gob.ec\/wp-content\/uploads\/Constancia-de-entrega-de-Plan-de-trabajo-a-representantes-ciudadanos.pdf\" target=\"_blank\" rel=\"noopener\">Constancia de entrega de Plan de trabajo a representantes ciudadanos (Asamblea de Quito)<\/a><\/li><li><a href=\"https:\/\/zonales.quito.gob.ec\/wp-content\/uploads\/Orden-del-dia-y-Metodologia-evento-de-RDC-comision-2-1.pdf\"><span style=\"text-decoration: underline;\">Orden del d\u00eda y Metodolog\u00eda evento de RDC comisi\u00f3n 2<\/span><\/a><\/li><\/ul><p><strong>Formulario de rendici\u00f3n de cuentas 2023<\/strong><\/p><ul><li><a href=\"https:\/\/zonales.quito.gob.ec\/wp-content\/uploads\/1_GADDMQ-AZEA-AZ-2024-0009-M_delegacion_RD-2023.pdf\"><span style=\"text-decoration: underline;\">Equipo Rendici\u00f3n de Cuentas\u00a0<\/span><\/a><\/li><li><a href=\"https:\/\/zonales.quito.gob.ec\/wp-content\/uploads\/Proceso-RDC-AZEA-2024-hoja-ruta-1.pdf\"><span style=\"text-decoration: underline;\">Hoja de ruta Rendici\u00f3n de Cuentas 2023<\/span><\/a><\/li><li><a href=\"https:\/\/zonales.quito.gob.ec\/wp-content\/uploads\/Conformacion-de-las-dos-comisiones-mixtas-institucion-y-ciudadania-3.pdf\"><span style=\"text-decoration: underline;\">Conformaci\u00f3n de las dos comisiones mixtas (instituci\u00f3n y ciudadan\u00eda)<\/span><\/a><\/li><li><a href=\"https:\/\/zonales.quito.gob.ec\/wp-content\/uploads\/Aprobacion-del-formulario-e-informe-narrativo-del-Proceso-de-Rendicion-de-Cuentas-2023-1.pdf\"><span style=\"text-decoration: underline;\">Aprobaci\u00f3n del formulario e informe narrativo del Proceso de Rendici\u00f3n de Cuentas 2023<\/span><\/a><\/li><li><a href=\"https:\/\/zonales.quito.gob.ec\/wp-content\/uploads\/Formulario-RDC-2023-AZEA_base-2023.xlsx\"><span style=\"text-decoration: underline;\">Formulario de Rendici\u00f3n de Cuentas base 2023<\/span><\/a><\/li><li><a href=\"https:\/\/zonales.quito.gob.ec\/wp-content\/uploads\/AZEA_rc_2023_procesos_contratacion_compras_publica-1.pdf\"><u>Procesos de contrataci\u00f3n p\u00fablica 2023<\/u><\/a><\/li><li><a href=\"https:\/\/zonales.quito.gob.ec\/wp-content\/uploads\/Incorporacion-de-recomendaciones-y-dictamenes-por-parte-de-las-entidades-de-la-Funcion-de-Transparencia-y-Control-Social-la-Procuraduria-General-del-Estado-y-CEAACES.pdf\"><span style=\"text-decoration: underline;\">Incorporaci\u00f3n de recomendaciones y dict\u00e1menes por parte de las entidades de la Funci\u00f3n de Transparencia y Control Social, la Procuradur\u00eda General del Estado y CEAACES<\/span><\/a><\/li><li><span style=\"text-decoration: underline;\">Mecanismos de Control Social (no se ha realizado ning\u00fan mecanismo de control)<\/span><\/li><\/ul>\t\t\t\t\t\t\t\t<\/div>\n\t\t\t\t<\/div>\n\t\t\t\t<\/div>\n\t\t<div id=\"e-n-tab-content-2413570584\" role=\"tabpanel\" aria-labelledby=\"e-n-tab-title-2413570584\" data-tab-index=\"4\" style=\"--n-tabs-title-order: 4;\" class=\" elementor-element elementor-element-1fb478b e-con-full e-flex e-con e-child\" data-id=\"1fb478b\" data-element_type=\"container\">\n\t\t\t\t<div class=\"elementor-element elementor-element-0e63d34 elementor-widget elementor-widget-text-editor\" data-id=\"0e63d34\" data-element_type=\"widget\" data-widget_type=\"text-editor.default\">\n\t\t\t\t<div class=\"elementor-widget-container\">\n\t\t\t\t\t\t\t\t\t<p><strong>Informe de rendici\u00f3n de cuentas de Alcald\u00eda (GAD MDMQ)<\/strong><\/p><ul><li><a href=\"https:\/\/quito.gob.ec\/documents\/rendicion_cuentas\/2022\/PMDOT_2021-2033.pdf\"><u>Plan Metropolitano de Desarrollo y Ordenamiento territorial (PMDOT) 2021 \u2013 2033, con sus respectivos ap\u00e9ndices, aprobado mediante Ordenanza PMDOT-PUGS No. 001 \u2013 2021<\/u><\/a><\/li><li><u>Presupuesto institucional 2022<\/u><\/li><li><a href=\"https:\/\/quito.gob.ec\/documents\/rendicion_cuentas\/2022\/anexo_4._plan_operativo_anual_2022_del_mdmq_f.pdf\"><u>Plan Operativo Anual (POA) 2022<\/u><\/a><\/li><li><a href=\"https:\/\/quito.gob.ec\/documents\/rendicion_cuentas\/2021\/PGA_Alcalde_SGuarderas.pdf\"><u>Plan de Gobierno &#8211; Campa\u00f1a Alcald\u00eda 2021-2023<\/u><\/a><\/li><li>Rendici\u00f3n de cuentas 2022 del GAD MDMQ<\/li><li><a href=\"https:\/\/quito.gob.ec\/documents\/rendicion_cuentas\/2022\/Informe_tecnico_No_CMLCC-DPC-2023-056.pdf\"><u>Catastro Municipal 2022<\/u><\/a><\/li><\/ul><p><strong>Informe de rendici\u00f3n de cuentas de la Administraci\u00f3n Zonal Eloy Alfaro (GAD MDMQ)<\/strong><\/p><ul><li><span style=\"text-decoration: underline;\"><a href=\"https:\/\/zonales.quito.gob.ec\/wp-content\/uploads\/Presupuesto-institucional-2022.pdf\">Presupuesto institucional 2022<\/a>\u00a0<\/span><\/li><li><a href=\"https:\/\/zonales.quito.gob.ec\/wp-content\/uploads\/Plan-Operativo-anual-2022.pdf\"><span style=\"text-decoration: underline;\">Plan Operativo Anual (POA) 2022<\/span><\/a><\/li><li><span style=\"text-decoration: underline;\"><a href=\"https:\/\/zonales.quito.gob.ec\/wp-content\/uploads\/INFORME-NARRATIVO-DE-RENDICION-DE-CUENTAS-AZEA-2022-signed.pdf\">Informe Narrativo de Rendici\u00f3n de Cuentas\u00a0 2022<\/a><\/span><\/li><li><a href=\"https:\/\/zonales.quito.gob.ec\/wp-content\/uploads\/Convocatoria-invitacion-a-deliberacion-publica.pdf\"><span style=\"text-decoration: underline;\">Convocatoria (invitaci\u00f3n) a la deliberaci\u00f3n p\u00fablica de rendici\u00f3n de cuentas 2022<\/span><\/a><\/li><li><a href=\"https:\/\/zonales.quito.gob.ec\/wp-content\/uploads\/Evento-deliberacion-publica-rendicion-de-cuentas-2022-1.pdf\">Evento deliberaci\u00f3n p\u00fablica rendici\u00f3n de cuentas 2022<\/a><\/li><li><a href=\"https:\/\/zonales.quito.gob.ec\/wp-content\/uploads\/Informe-de-Rendicion-de-Cuentas-2022.pdf\"><span style=\"text-decoration: underline;\">Informe de Rendici\u00f3n de Cuentas\u00a0 2022 registrado en la plataforma virtual del Consejo de Participaci\u00f3n Ciudadana y Control Social (CPCCS)<\/span><\/a><\/li><li><a href=\"https:\/\/zonales.quito.gob.ec\/wp-content\/uploads\/Correo-de-cofirmacion-de-finalizacion-RDC-2022-AZEA.pdf\"><span style=\"text-decoration: underline;\">Correo de confirmaci\u00f3n de finalizaci\u00f3n del proceso de rendici\u00f3n de cuentas 2022 en la plataforma del CPCCS<\/span><\/a><\/li><li><a href=\"https:\/\/zonales.quito.gob.ec\/wp-content\/uploads\/Plan-de-trabajo-acciones-de-mejora.pdf\"><span style=\"text-decoration: underline;\">Plan de trabajo acciones de mejora<\/span><\/a><\/li><li><a href=\"https:\/\/zonales.quito.gob.ec\/wp-content\/uploads\/Constancia-de-entrega-de-Plan-de-trabajo-a-representate.pdf\"><span style=\"text-decoration: underline;\">Constancia de entrega de Plan de trabajo a representantes ciudadanos (Asamblea de Quito)<\/span><\/a><\/li><li><a href=\"https:\/\/zonales.quito.gob.ec\/wp-content\/uploads\/PPT-Metodologia-evento-de-RDC-para-la-comision-mixta-2.pptx\"><u>Orden del d\u00eda y Metodolog\u00eda evento de RDC comisi\u00f3n 2<\/u><\/a><\/li><\/ul><p><strong>Formulario de rendici\u00f3n de cuentas 2022<\/strong><\/p><ul><li><a href=\"https:\/\/zonales.quito.gob.ec\/wp-content\/uploads\/Equipo-Rendicion-de-Cuentas-1.pdf\"><span style=\"text-decoration: underline;\">Equipo Rendici\u00f3n de Cuentas<\/span><\/a>\u00a0<\/li><li><span style=\"text-decoration: underline;\"><a href=\"https:\/\/zonales.quito.gob.ec\/wp-content\/uploads\/Hoja-de-ruta-Rendicion-de-Cuentas-2022.pdf\">Hoja de ruta Rendici\u00f3n de Cuentas 2022<\/a><\/span><\/li><li><a href=\"https:\/\/zonales.quito.gob.ec\/wp-content\/uploads\/Conformacion-de-las-dos-Comision-Mixtas.pdf\"><span style=\"text-decoration: underline;\">Conformaci\u00f3n de las dos comisiones mixtas (instituci\u00f3n y ciudadan\u00eda)<\/span><\/a><\/li><li><a href=\"https:\/\/zonales.quito.gob.ec\/wp-content\/uploads\/Aprobacion-del-formulario-e-informe-narrativo-del-Proceso-de-Rendicion-de-Cuentas.pdf\"><span style=\"text-decoration: underline;\">Aprobaci\u00f3n del formulario e informe narrativo del Proceso de Rendici\u00f3n de Cuentas 2022<\/span><\/a><\/li><li><a href=\"https:\/\/zonales.quito.gob.ec\/wp-content\/uploads\/Formulario-de-Rendicion-de-Cuentas-base-2022.pdf\"><span style=\"text-decoration: underline;\">Formulario de Rendici\u00f3n de Cuentas base 2022<\/span><\/a><\/li><li><a href=\"https:\/\/zonales.quito.gob.ec\/wp-content\/uploads\/Procesos-contratacion-publica-2022-AZEA.pdf\"><span style=\"text-decoration: underline;\">Procesos de contrataci\u00f3n p\u00fablica 2022<\/span><\/a><\/li><li><a href=\"https:\/\/zonales.quito.gob.ec\/wp-content\/uploads\/Incorporacion-de-recomendaciones-y-dictamenes-Transparencia-y-Control-Social.pdf\"><span style=\"text-decoration: underline;\">Incorporaci\u00f3n de recomendaciones y dict\u00e1menes por parte de las entidades de la Funci\u00f3n de Transparencia y Control Social, la Procuradur\u00eda General del Estado y CEAACES<\/span><\/a><\/li><li>Mecanismos de Control Social<\/li><\/ul>\t\t\t\t\t\t\t\t<\/div>\n\t\t\t\t<\/div>\n\t\t\t\t<\/div>\n\t\t<div id=\"e-n-tab-content-2413570585\" role=\"tabpanel\" aria-labelledby=\"e-n-tab-title-2413570585\" data-tab-index=\"5\" style=\"--n-tabs-title-order: 5;\" class=\" elementor-element elementor-element-39f1c65 e-con-full e-flex e-con e-child\" data-id=\"39f1c65\" data-element_type=\"container\">\n\t\t\t\t<div class=\"elementor-element elementor-element-13c0244 elementor-widget elementor-widget-text-editor\" data-id=\"13c0244\" data-element_type=\"widget\" data-widget_type=\"text-editor.default\">\n\t\t\t\t<div class=\"elementor-widget-container\">\n\t\t\t\t\t\t\t\t\t<p><strong>Informe de rendici\u00f3n de cuentas de Alcald\u00eda (GAD MDMQ)<\/strong><\/p><ul><li><u><a href=\"https:\/\/gobiernoabierto.quito.gob.ec\/plan-pmdot\">Plan Metropolitano de Desarrollo y Ordenamiento territorial (PMDOT) 2021 \u2013 2033, con sus respectivos ap\u00e9ndices, aprobado mediante Ordenanza PMDOT-PUGS No. 001 \u2013 2021<\/a><\/u><\/li><li><u><a href=\"https:\/\/quito.gob.ec\/documents\/rendicion_cuentas\/2021\/Presupuesto-institucional.pdf\">Presupuesto institucional y participativo, que corresponde a la Ordenanza PMU No. 005-2021 mediante la cual, se reform\u00f3 el presupuesto general del 2021<\/a><\/u><\/li><li><u><a href=\"https:\/\/quito.gob.ec\/documents\/rendicion_cuentas\/2021\/POA_2021_provisional.pdf\">Plan Operativo Anual (POA) 2021<\/a><\/u><\/li><li><u><a href=\"https:\/\/quito.gob.ec\/documents\/rendicion_cuentas\/2021\/PGA_Alcalde_SGuarderas.pdf\">Plan de Gobierno &#8211; Campa\u00f1a Alcald\u00eda 2021-2023<\/a><\/u><\/li><li><u><a href=\"https:\/\/quito.gob.ec\/documents\/rendicion_cuentas\/2021\/catastro2021.pdf\">Catastro Municipal 2021<\/a><\/u><\/li><\/ul><p><strong>Informe de rendici\u00f3n de cuentas de la Administraci\u00f3n Zonal Eloy Alfaro (GAD MDMQ)<\/strong><\/p><ul><li><a href=\"https:\/\/zonales.quito.gob.ec\/wp-content\/uploads\/2022\/05\/Presupuesto-institucional.pdf\">Presupuesto institucional 2021\u00a0<\/a><\/li><li><a href=\"https:\/\/zonales.quito.gob.ec\/wp-content\/uploads\/2022\/05\/POA2021_ELOY_ALFARO.pdf\">Plan Operativo Anual (POA) 2021\u00a0<\/a><\/li><li><a href=\"https:\/\/zonales.quito.gob.ec\/wp-content\/uploads\/2022\/05\/Informe-narrativo-Eloy-Alfaro.pdf\">Informe Narrativo de Rendici\u00f3n de Cuentas\u00a0 2021<\/a><\/li><li><a href=\"https:\/\/docs.google.com\/spreadsheets\/d\/1b6f-EfZwceWfwBnFrEh4UpJXXr8nolxVHmsKz6nc68k\/edit#gid=235932973\">Convocatoria (invitaci\u00f3n) a la deliberaci\u00f3n p\u00fablica de rendici\u00f3n de cuentas 2021<\/a><\/li><li><a href=\"https:\/\/fb.watch\/cUXZ_NTLQX\/\">Evento deliberaci\u00f3n p\u00fablica rendici\u00f3n de cuentas 2021<\/a><\/li><li><a href=\"https:\/\/zonales.quito.gob.ec\/wp-content\/uploads\/2022\/05\/Formulario-GAD-2021-RC.xlsx\">Informe de Rendici\u00f3n de Cuentas\u00a0 2021 registrado en la plataforma virtual del Consejo de Participaci\u00f3n Ciudadana y Control Social (CPCCS)<\/a><\/li><li>Correo de confirmaci\u00f3n de finalizaci\u00f3n del proceso de rendici\u00f3n de cuentas 2021 en la plataforma del CPCCS<\/li><li><a href=\"https:\/\/zonales.quito.gob.ec\/wp-content\/uploads\/2022\/05\/PLAN-AZEA.pdf\">Plan de trabajo acciones de mejora<\/a><\/li><li><a href=\"https:\/\/zonales.quito.gob.ec\/wp-content\/uploads\/2022\/05\/Constancia-de-entrega-de-Plan-de-trabajo-a-representantes-ciudadanos-Asamblea-de-Quito.pdf\">Constancia de entrega de Plan de trabajo a representantes ciudadanos (Asamblea de Quito)<\/a><\/li><li><u><a href=\"https:\/\/zonales.quito.gob.ec\/wp-content\/uploads\/2022\/07\/Metodologia-evento-de-RDC-comision-2.pdf\">Orden del d\u00eda y Metodolog\u00eda evento de RDC comisi\u00f3n 2<\/a><\/u><\/li><\/ul><p><strong>Formulario de rendici\u00f3n de cuentas 2021<\/strong><\/p><ul><li><a href=\"https:\/\/zonales.quito.gob.ec\/wp-content\/uploads\/2022\/05\/EQUIPO-RDC-POR-ZONAL-.pdf\">Equipo Rendici\u00f3n de Cuentas\u00a0<\/a><\/li><li><a href=\"https:\/\/zonales.quito.gob.ec\/wp-content\/uploads\/2022\/05\/hoja_de_ruta_validada_RC2021.pdf\">Hoja de ruta Rendici\u00f3n de Cuentas 2021<\/a><\/li><li><a href=\"https:\/\/zonales.quito.gob.ec\/wp-content\/uploads\/2022\/05\/ACTA-DE-CONFORMACION.pdf\">Conformaci\u00f3n de las dos comisiones mixtas (instituci\u00f3n y ciudadan\u00eda)<\/a><\/li><li><a href=\"https:\/\/zonales.quito.gob.ec\/wp-content\/uploads\/2022\/05\/APROBA2.pdf\">Aprobaci\u00f3n del formulario e informe narrativo del Proceso de Rendici\u00f3n de Cuentas 2021\u00a0<\/a><\/li><li><a href=\"https:\/\/zonales.quito.gob.ec\/wp-content\/uploads\/2022\/05\/FORMUL1-1.pdf\">Formulario de Rendici\u00f3n de Cuentas base 2021<\/a><\/li><li><a href=\"https:\/\/gobiernoabierto.quito.gob.ec\/Archivos\/quitoparticipa\/RDC2021\/AZEloyAlfaro\/ComPub\/\">Procesos de contrataci\u00f3n p\u00fablica 2021<\/a><\/li><li>Incorporaci\u00f3n de recomendaciones y dict\u00e1menes por parte de las entidades de la Funci\u00f3n de Transparencia y Control Social, la Procuradur\u00eda General del Estado y CEAACES<\/li><\/ul><p><a href=\"https:\/\/gobiernoabierto.quito.gob.ec\/Archivos\/quitoparticipa\/RDC2021\/AZEloyAlfaro\/TransYControlSocial\/\">Mecanismos de Control Social<\/a><\/p>\t\t\t\t\t\t\t\t<\/div>\n\t\t\t\t<\/div>\n\t\t\t\t<\/div>\n\t\t\t\t\t<\/div>\n\t\t<\/div>\n\t\t\t\t\t\t<\/div>\n\t\t\t\t<\/div>\n\t\t\t\t\t<\/div>\n\t\t<\/div>\n\t\t\t\t\t<\/div>\n\t\t<\/section>\n\t\t\t\t<\/div>\n\t\t","protected":false},"excerpt":{"rendered":"<p>RENDICI\u00d3N DE CUENTAS Administraci\u00f3n Zonal Eloy Alfaro 2025 2024 2023 2022 2021 \u00a0 Instituci\u00f3n:\u00a0 \u00a0ADMINISTRACI\u00d3N ZONAL ELOY ALFARO Registro \u00danico de Contribuyente (RUC):\u00a0\u00a0 \u00a0 1760003410001 Per\u00edodo de rendici\u00f3n de cuentas: 1 de enero al 31 de diciembre de 2025 Cargo y nombre de representante legal de la Entidad: \u00a0Ptlgo. Diego Fernando Pav\u00f3n Rengel Equipo interno [&hellip;]<\/p>\n","protected":false},"author":56319,"featured_media":0,"comment_status":"open","ping_status":"open","sticky":false,"template":"elementor_header_footer","format":"standard","meta":{"_monsterinsights_skip_tracking":false,"_monsterinsights_sitenote_active":false,"_monsterinsights_sitenote_note":"","_monsterinsights_sitenote_category":0,"footnotes":""},"categories":[1],"tags":[],"class_list":["post-358625","post","type-post","status-publish","format-standard","hentry","category-sin-categoria"],"_links":{"self":[{"href":"https:\/\/zonales.quito.gob.ec\/index.php?rest_route=\/wp\/v2\/posts\/358625","targetHints":{"allow":["GET"]}}],"collection":[{"href":"https:\/\/zonales.quito.gob.ec\/index.php?rest_route=\/wp\/v2\/posts"}],"about":[{"href":"https:\/\/zonales.quito.gob.ec\/index.php?rest_route=\/wp\/v2\/types\/post"}],"author":[{"embeddable":true,"href":"https:\/\/zonales.quito.gob.ec\/index.php?rest_route=\/wp\/v2\/users\/56319"}],"replies":[{"embeddable":true,"href":"https:\/\/zonales.quito.gob.ec\/index.php?rest_route=%2Fwp%2Fv2%2Fcomments&post=358625"}],"version-history":[{"count":24,"href":"https:\/\/zonales.quito.gob.ec\/index.php?rest_route=\/wp\/v2\/posts\/358625\/revisions"}],"predecessor-version":[{"id":377486,"href":"https:\/\/zonales.quito.gob.ec\/index.php?rest_route=\/wp\/v2\/posts\/358625\/revisions\/377486"}],"wp:attachment":[{"href":"https:\/\/zonales.quito.gob.ec\/index.php?rest_route=%2Fwp%2Fv2%2Fmedia&parent=358625"}],"wp:term":[{"taxonomy":"category","embeddable":true,"href":"https:\/\/zonales.quito.gob.ec\/index.php?rest_route=%2Fwp%2Fv2%2Fcategories&post=358625"},{"taxonomy":"post_tag","embeddable":true,"href":"https:\/\/zonales.quito.gob.ec\/index.php?rest_route=%2Fwp%2Fv2%2Ftags&post=358625"}],"curies":[{"name":"wp","href":"https:\/\/api.w.org\/{rel}","templated":true}]}}