{"id":359945,"date":"2026-03-12T13:21:27","date_gmt":"2026-03-12T18:21:27","guid":{"rendered":"https:\/\/zonales.quito.gob.ec\/?p=359945"},"modified":"2026-03-12T13:24:07","modified_gmt":"2026-03-12T18:24:07","slug":"todo-listo-para-la-megaminga-en-los-chillos-este-fin-de-semana","status":"publish","type":"post","link":"https:\/\/zonales.quito.gob.ec\/?p=359945","title":{"rendered":"Todo listo para la Megaminga en Los Chillos este fin de semana"},"content":{"rendered":"\t\t<div data-elementor-type=\"wp-post\" data-elementor-id=\"359945\" class=\"elementor elementor-359945\" data-elementor-post-type=\"post\">\n\t\t\t\t<div class=\"elementor-element elementor-element-afd59a2 e-flex e-con-boxed e-con e-parent\" data-id=\"afd59a2\" data-element_type=\"container\">\n\t\t\t\t\t<div class=\"e-con-inner\">\n\t\t\t\t<div class=\"elementor-element elementor-element-2e0b786 elementor-widget elementor-widget-text-editor\" data-id=\"2e0b786\" data-element_type=\"widget\" data-widget_type=\"text-editor.default\">\n\t\t\t\t<div class=\"elementor-widget-container\">\n\t\t\t\t\t\t\t\t\t<p>Este s\u00e1bado 14 de marzo se realizar\u00e1 una Megaminga en diez sectores de Quito, una jornada comunitaria enfocada en el cuidado de \u00e1rboles plantados en 2025 y en acciones de mantenimiento ambiental que ayudan a prevenir riesgos durante la temporada de lluvias.<\/p><p>La actividad se desarrollar\u00e1 desde las 08h00 en el sector de La Balvina de Amagua\u00f1a (Brigada de Aviaci\u00f3n del Ej\u00e9rcito N.\u00b0 15) y de forma simult\u00e1nea en El Panecillo, Calacal\u00ed, Belisario Quevedo, Guaman\u00ed, La Argelia, Yaruqu\u00ed, Pomasqui y Z\u00e1mbiza.<\/p><p><strong>\u00bfQu\u00e9 debes llevar?<\/strong><\/p><ul><li>Calzado adecuado<\/li><li>Gorra o sombrero<\/li><li>Vestimenta de mangas largas<\/li><li>Guantes<\/li><li>Protector solar<\/li><li>Repelente<\/li><li>Hidrataci\u00f3n<\/li><li>Herramientas (pala, machete, azad\u00f3n, cavahoyos)<\/li><\/ul><p>Durante la jornada se realizar\u00e1n trabajos de limpieza, mantenimiento de \u00e1reas verdes y cuidado del arbolado urbano, acciones que contribuyen a evitar la acumulaci\u00f3n de residuos, proteger el suelo y fortalecer los espacios naturales frente a las lluvias.<\/p><p>A trav\u00e9s de estas jornadas, el Municipio de Quito promueve el trabajo conjunto entre comunidad e instituciones para fortalecer el cuidado del entorno natural y consolidar una ciudad m\u00e1s sostenible para las presentes y futuras generaciones.<\/p><p>La iniciativa es impulsada por el Municipio de Quito, a trav\u00e9s de la Secretar\u00eda Metropolitana de Ambiente y la Administraci\u00f3n Zonal Los Chillos, que invitan a la ciudadan\u00eda a sumarse a esta jornada comunitaria.<\/p>\t\t\t\t\t\t\t\t<\/div>\n\t\t\t\t<\/div>\n\t\t\t\t\t<\/div>\n\t\t\t\t<\/div>\n\t\t\t\t<\/div>\n\t\t","protected":false},"excerpt":{"rendered":"<p>Este s\u00e1bado 14 de marzo se realizar\u00e1 una Megaminga en diez sectores de Quito, una jornada comunitaria enfocada en el cuidado de \u00e1rboles plantados en 2025 y en acciones de mantenimiento ambiental que ayudan a prevenir riesgos durante la temporada de lluvias. La actividad se desarrollar\u00e1 desde las 08h00 en el sector de La Balvina [&hellip;]<\/p>\n","protected":false},"author":35910,"featured_media":359944,"comment_status":"open","ping_status":"open","sticky":false,"template":"","format":"standard","meta":{"_monsterinsights_skip_tracking":false,"_monsterinsights_sitenote_active":false,"_monsterinsights_sitenote_note":"","_monsterinsights_sitenote_category":0,"footnotes":""},"categories":[294,310,315,5,312],"tags":[],"class_list":["post-359945","post","type-post","status-publish","format-standard","has-post-thumbnail","hentry","category-administracion-zonal-los-chillos","category-ambiente-zonales","category-mingas-zonales","category-noticias","category-participacion-zonales"],"_links":{"self":[{"href":"https:\/\/zonales.quito.gob.ec\/index.php?rest_route=\/wp\/v2\/posts\/359945","targetHints":{"allow":["GET"]}}],"collection":[{"href":"https:\/\/zonales.quito.gob.ec\/index.php?rest_route=\/wp\/v2\/posts"}],"about":[{"href":"https:\/\/zonales.quito.gob.ec\/index.php?rest_route=\/wp\/v2\/types\/post"}],"author":[{"embeddable":true,"href":"https:\/\/zonales.quito.gob.ec\/index.php?rest_route=\/wp\/v2\/users\/35910"}],"replies":[{"embeddable":true,"href":"https:\/\/zonales.quito.gob.ec\/index.php?rest_route=%2Fwp%2Fv2%2Fcomments&post=359945"}],"version-history":[{"count":4,"href":"https:\/\/zonales.quito.gob.ec\/index.php?rest_route=\/wp\/v2\/posts\/359945\/revisions"}],"predecessor-version":[{"id":359949,"href":"https:\/\/zonales.quito.gob.ec\/index.php?rest_route=\/wp\/v2\/posts\/359945\/revisions\/359949"}],"wp:featuredmedia":[{"embeddable":true,"href":"https:\/\/zonales.quito.gob.ec\/index.php?rest_route=\/wp\/v2\/media\/359944"}],"wp:attachment":[{"href":"https:\/\/zonales.quito.gob.ec\/index.php?rest_route=%2Fwp%2Fv2%2Fmedia&parent=359945"}],"wp:term":[{"taxonomy":"category","embeddable":true,"href":"https:\/\/zonales.quito.gob.ec\/index.php?rest_route=%2Fwp%2Fv2%2Fcategories&post=359945"},{"taxonomy":"post_tag","embeddable":true,"href":"https:\/\/zonales.quito.gob.ec\/index.php?rest_route=%2Fwp%2Fv2%2Ftags&post=359945"}],"curies":[{"name":"wp","href":"https:\/\/api.w.org\/{rel}","templated":true}]}}