{"id":363762,"date":"2026-03-16T16:25:39","date_gmt":"2026-03-16T21:25:39","guid":{"rendered":"https:\/\/zonales.quito.gob.ec\/?p=363762"},"modified":"2026-03-16T16:39:16","modified_gmt":"2026-03-16T21:39:16","slug":"mas-obras-mas-progreso-alangasi-renace-con-cinco-nuevas-intervenciones-del-municipio-de-quito","status":"publish","type":"post","link":"https:\/\/zonales.quito.gob.ec\/?p=363762","title":{"rendered":"M\u00e1s obras, m\u00e1s progreso: Alangas\u00ed renace con cinco nuevas intervenciones del Municipio de Quito"},"content":{"rendered":"\t\t<div data-elementor-type=\"wp-post\" data-elementor-id=\"363762\" class=\"elementor elementor-363762\" data-elementor-post-type=\"post\">\n\t\t\t\t<div class=\"elementor-element elementor-element-f903b97 e-flex e-con-boxed e-con e-parent\" data-id=\"f903b97\" data-element_type=\"container\">\n\t\t\t\t\t<div class=\"e-con-inner\">\n\t\t\t\t<div class=\"elementor-element elementor-element-74278cc elementor-widget elementor-widget-text-editor\" data-id=\"74278cc\" data-element_type=\"widget\" data-widget_type=\"text-editor.default\">\n\t\t\t\t<div class=\"elementor-widget-container\">\n\t\t\t\t\t\t\t\t\t<p>En Los Chillos las obras no se detienen. Este s\u00e1bado 14 de marzo, los barrios Mirasierra, Ed\u00e9n de Angamarca, Ushimana y San Carlos de Alangas\u00ed celebraron la entrega de cinco nuevas obras ejecutadas por el Municipio de Quito, a trav\u00e9s de la Administraci\u00f3n Zonal Valle de Los Chillos, como parte de los Presupuestos Participativos 2025.<\/p><p>Cada intervenci\u00f3n representa el trabajo conjunto entre comunidad y Municipio para transformar barrios que durante a\u00f1os esperaron mejoras en su infraestructura.<\/p><p><strong>Obras que transforman barrios<\/strong><\/p><p>La jornada inici\u00f3 en Mirasierra, con la inauguraci\u00f3n del adoquinado y bordillos de la calle Los Cometas, obra que mejora la movilidad y seguridad del sector y que cont\u00f3 con una inversi\u00f3n municipal de USD 19.423,41.<\/p><p>Posteriormente, en Ed\u00e9n de Angamarca, se entreg\u00f3 el reempedrado de la calle Oe8E, una intervenci\u00f3n que fortalece la conectividad del sector y representa una inversi\u00f3n de USD 27.268,97.<\/p><p>El recorrido continu\u00f3 en Ushimana, donde se inaugur\u00f3 el adoquinado de la calle Jos\u00e9 Mar\u00eda Velasco Ibarra, obra ejecutada con una inversi\u00f3n de USD 11.219,53, mejorando significativamente las condiciones de esta v\u00eda barrial.<\/p><p>Finalmente, en el barrio San Carlos de Alangas\u00ed, se entregaron dos nuevas obras:<\/p><ul><li>Adoquinado en el pasaje Oe9H, con una inversi\u00f3n de USD 15.225,44<\/li><li>Adoquinado y bordillos en el pasaje Oe9C, con una inversi\u00f3n municipal de USD 21.750,92.<\/li><\/ul><p>Estas obras permiten mejorar la movilidad, la seguridad y la calidad de vida de las familias del sector.<\/p><p><strong>La voz del barrio hecha obra<\/strong><\/p><p>Para Jaime Cerpa, vecino de Mirasierra, la obra representa un cambio esperado durante a\u00f1os. \u201cEsta v\u00eda estuvo abandonada por m\u00e1s de cuatro a\u00f1os. Era un camino de tercer orden que daba un mal aspecto al sector. Hoy, gracias al apoyo del Municipio de Quito, tenemos una v\u00eda digna para todos los habitantes\u201d, se\u00f1al\u00f3.<\/p><p>Por su parte, el administrador zonal del Valle de Los Chillos, Esteban Melo, destac\u00f3 que cada obra es el resultado de la participaci\u00f3n activa de la comunidad. \u201cEstas son obras 100% municipales, construidas junto a la ciudadan\u00eda. Cuando la comunidad participa y el Municipio responde, los barrios avanzan y el territorio se transforma\u201d, manifest\u00f3.<\/p><p><strong>M\u00e1s obras para Los Chillos<\/strong><\/p><p>A trav\u00e9s de los Presupuestos Participativos, el Municipio de Quito contin\u00faa impulsando obras que nacen desde las necesidades reales de los barrios, fortaleciendo la participaci\u00f3n ciudadana y reduciendo brechas hist\u00f3ricas en el territorio.<\/p><p>En Los Chillos el trabajo contin\u00faa, porque cuando la comunidad decide, las obras se hacen realidad.<\/p>\t\t\t\t\t\t\t\t<\/div>\n\t\t\t\t<\/div>\n\t\t\t\t\t<\/div>\n\t\t\t\t<\/div>\n\t\t<div class=\"elementor-element elementor-element-663c624 e-flex e-con-boxed e-con e-parent\" data-id=\"663c624\" data-element_type=\"container\">\n\t\t\t\t\t<div class=\"e-con-inner\">\n\t\t\t\t<div class=\"elementor-element elementor-element-e57f41c elementor-widget elementor-widget-image\" data-id=\"e57f41c\" data-element_type=\"widget\" data-widget_type=\"image.default\">\n\t\t\t\t<div class=\"elementor-widget-container\">\n\t\t\t\t\t\t\t\t\t\t\t\t\t\t\t<img fetchpriority=\"high\" decoding=\"async\" width=\"640\" height=\"426\" src=\"https:\/\/zonales.quito.gob.ec\/wp-content\/uploads\/c5bb65d6-ec7a-42ba-9415-c7c206c920c6.jpg\" class=\"attachment-large size-large wp-image-363756\" alt=\"\" \/>\t\t\t\t\t\t\t\t\t\t\t\t\t\t\t<\/div>\n\t\t\t\t<\/div>\n\t\t\t\t\t<\/div>\n\t\t\t\t<\/div>\n\t\t\t\t<\/div>\n\t\t","protected":false},"excerpt":{"rendered":"<p>En Los Chillos las obras no se detienen. Este s\u00e1bado 14 de marzo, los barrios Mirasierra, Ed\u00e9n de Angamarca, Ushimana y San Carlos de Alangas\u00ed celebraron la entrega de cinco nuevas obras ejecutadas por el Municipio de Quito, a trav\u00e9s de la Administraci\u00f3n Zonal Valle de Los Chillos, como parte de los Presupuestos Participativos 2025. [&hellip;]<\/p>\n","protected":false},"author":35910,"featured_media":363758,"comment_status":"open","ping_status":"open","sticky":false,"template":"","format":"standard","meta":{"_monsterinsights_skip_tracking":false,"_monsterinsights_sitenote_active":false,"_monsterinsights_sitenote_note":"","_monsterinsights_sitenote_category":0,"footnotes":""},"categories":[294,5,312],"tags":[],"class_list":["post-363762","post","type-post","status-publish","format-standard","has-post-thumbnail","hentry","category-administracion-zonal-los-chillos","category-noticias","category-participacion-zonales"],"_links":{"self":[{"href":"https:\/\/zonales.quito.gob.ec\/index.php?rest_route=\/wp\/v2\/posts\/363762","targetHints":{"allow":["GET"]}}],"collection":[{"href":"https:\/\/zonales.quito.gob.ec\/index.php?rest_route=\/wp\/v2\/posts"}],"about":[{"href":"https:\/\/zonales.quito.gob.ec\/index.php?rest_route=\/wp\/v2\/types\/post"}],"author":[{"embeddable":true,"href":"https:\/\/zonales.quito.gob.ec\/index.php?rest_route=\/wp\/v2\/users\/35910"}],"replies":[{"embeddable":true,"href":"https:\/\/zonales.quito.gob.ec\/index.php?rest_route=%2Fwp%2Fv2%2Fcomments&post=363762"}],"version-history":[{"count":7,"href":"https:\/\/zonales.quito.gob.ec\/index.php?rest_route=\/wp\/v2\/posts\/363762\/revisions"}],"predecessor-version":[{"id":363789,"href":"https:\/\/zonales.quito.gob.ec\/index.php?rest_route=\/wp\/v2\/posts\/363762\/revisions\/363789"}],"wp:featuredmedia":[{"embeddable":true,"href":"https:\/\/zonales.quito.gob.ec\/index.php?rest_route=\/wp\/v2\/media\/363758"}],"wp:attachment":[{"href":"https:\/\/zonales.quito.gob.ec\/index.php?rest_route=%2Fwp%2Fv2%2Fmedia&parent=363762"}],"wp:term":[{"taxonomy":"category","embeddable":true,"href":"https:\/\/zonales.quito.gob.ec\/index.php?rest_route=%2Fwp%2Fv2%2Fcategories&post=363762"},{"taxonomy":"post_tag","embeddable":true,"href":"https:\/\/zonales.quito.gob.ec\/index.php?rest_route=%2Fwp%2Fv2%2Ftags&post=363762"}],"curies":[{"name":"wp","href":"https:\/\/api.w.org\/{rel}","templated":true}]}}