{"id":370542,"date":"2026-03-24T15:12:57","date_gmt":"2026-03-24T20:12:57","guid":{"rendered":"https:\/\/zonales.quito.gob.ec\/?p=370542"},"modified":"2026-03-24T15:22:28","modified_gmt":"2026-03-24T20:22:28","slug":"el-municipio-de-quito-no-se-detiene-obras-llegan-a-cada-barrio-de-alangasi-y-conocoto","status":"publish","type":"post","link":"https:\/\/zonales.quito.gob.ec\/?p=370542","title":{"rendered":"El Municipio de Quito no se detiene: obras llegan a cada barrio de Alangas\u00ed y Conocoto"},"content":{"rendered":"\t\t<div data-elementor-type=\"wp-post\" data-elementor-id=\"370542\" class=\"elementor elementor-370542\" data-elementor-post-type=\"post\">\n\t\t\t\t<div class=\"elementor-element elementor-element-5bb2ac0 e-flex e-con-boxed e-con e-parent\" data-id=\"5bb2ac0\" data-element_type=\"container\">\n\t\t\t\t\t<div class=\"e-con-inner\">\n\t\t\t\t<div class=\"elementor-element elementor-element-87be460 elementor-widget elementor-widget-text-editor\" data-id=\"87be460\" data-element_type=\"widget\" data-widget_type=\"text-editor.default\">\n\t\t\t\t<div class=\"elementor-widget-container\">\n\t\t\t\t\t\t\t\t\t<ul><li><em>En Los Chillos, el mensaje es claro, la obra p\u00fablica avanza y no se detiene<\/em><\/li><\/ul><p>El cambio ya se siente en Los Chillos. El Municipio de Quito avanza con obras concretas en territorio, interviniendo directamente en barrios que durante a\u00f1os esperaron atenci\u00f3n.<\/p><p>En las parroquias de Alangas\u00ed y Conocoto, la municipalidad entreg\u00f3 nuevas v\u00edas, adoquinados y mejoras que impactan de forma inmediata en la movilidad, la seguridad y la calidad de vida de cientos de familias.<\/p><p>Los d\u00edas 14 y 22 de marzo, barrios como Mirasierra, Ed\u00e9n de Angamarca, Ushimana y San Carlos de Alangas\u00ed, as\u00ed como La Paz, Laureles del Valle, Colinas de Monserrat y San Lorenzo de Conocoto, fueron intervenidos con obras ejecutadas a trav\u00e9s de la Administraci\u00f3n Zonal Valle de Los Chillos, mediante los Presupuestos Participativos 2025.<\/p><p>Estas acciones demuestran una gesti\u00f3n que no espera, act\u00faa, y que llega donde antes no llegaba.<\/p><p>El administrador zonal, Esteban Melo, fue enf\u00e1tico: \u201cHoy estamos en territorio cumpliendo. Estas son obras municipales construidas junto a la gente. Cuando la comunidad participa y el Municipio responde, los barrios cambian\u201d, resalt\u00f3.<\/p><p>Las intervenciones incluyen adoquinados, asfaltados y mejoramiento de v\u00edas que permanecieron en abandono. Hoy, esas realidades cambian con inversi\u00f3n directa y trabajo conjunto.<\/p><p>Vecinos confirman que lo sectores atendidos en la actual administraci\u00f3n municipal esperaron las obras, por m\u00e1s de 20 a\u00f1os y hoy cuentan con calles dignas y seguras, marcando un antes y un despu\u00e9s en sus barrios.<\/p><p>Melanie Salazar, moradora de La Paz de Conocoto, coment\u00f3 que la v\u00eda estuvo descuidada por casi dos d\u00e9cadas. \u201cEs la primera vez que el Municipio hace una intervenci\u00f3n en nuestro barrio y ahora finalmente tenemos esta grandiosa calle adoquinada\u201d, dijo.<\/p><p>El Municipio de Quito reafirma as\u00ed su compromiso en llevar obras a cada barrio, reducir brechas hist\u00f3ricas y transformar el territorio con hechos, no promesas.<\/p>\t\t\t\t\t\t\t\t<\/div>\n\t\t\t\t<\/div>\n\t\t\t\t\t<\/div>\n\t\t\t\t<\/div>\n\t\t<div class=\"elementor-element elementor-element-b253690 e-flex e-con-boxed e-con e-parent\" data-id=\"b253690\" data-element_type=\"container\">\n\t\t\t\t\t<div class=\"e-con-inner\">\n\t\t\t\t<div class=\"elementor-element elementor-element-952bbcf elementor-widget elementor-widget-image\" data-id=\"952bbcf\" data-element_type=\"widget\" data-widget_type=\"image.default\">\n\t\t\t\t<div class=\"elementor-widget-container\">\n\t\t\t\t\t\t\t\t\t\t\t\t\t\t\t<img fetchpriority=\"high\" decoding=\"async\" width=\"640\" height=\"426\" src=\"https:\/\/zonales.quito.gob.ec\/wp-content\/uploads\/WhatsApp-Image-2026-03-22-at-4.45.53-PM.jpeg\" class=\"attachment-large size-large wp-image-370536\" alt=\"\" \/>\t\t\t\t\t\t\t\t\t\t\t\t\t\t\t<\/div>\n\t\t\t\t<\/div>\n\t\t\t\t\t<\/div>\n\t\t\t\t<\/div>\n\t\t\t\t<\/div>\n\t\t","protected":false},"excerpt":{"rendered":"<p>En Los Chillos, el mensaje es claro, la obra p\u00fablica avanza y no se detiene El cambio ya se siente en Los Chillos. El Municipio de Quito avanza con obras concretas en territorio, interviniendo directamente en barrios que durante a\u00f1os esperaron atenci\u00f3n. En las parroquias de Alangas\u00ed y Conocoto, la municipalidad entreg\u00f3 nuevas v\u00edas, adoquinados [&hellip;]<\/p>\n","protected":false},"author":35910,"featured_media":370541,"comment_status":"open","ping_status":"open","sticky":false,"template":"","format":"standard","meta":{"_monsterinsights_skip_tracking":false,"_monsterinsights_sitenote_active":false,"_monsterinsights_sitenote_note":"","_monsterinsights_sitenote_category":0,"footnotes":""},"categories":[294,5,312],"tags":[],"class_list":["post-370542","post","type-post","status-publish","format-standard","has-post-thumbnail","hentry","category-administracion-zonal-los-chillos","category-noticias","category-participacion-zonales"],"_links":{"self":[{"href":"https:\/\/zonales.quito.gob.ec\/index.php?rest_route=\/wp\/v2\/posts\/370542","targetHints":{"allow":["GET"]}}],"collection":[{"href":"https:\/\/zonales.quito.gob.ec\/index.php?rest_route=\/wp\/v2\/posts"}],"about":[{"href":"https:\/\/zonales.quito.gob.ec\/index.php?rest_route=\/wp\/v2\/types\/post"}],"author":[{"embeddable":true,"href":"https:\/\/zonales.quito.gob.ec\/index.php?rest_route=\/wp\/v2\/users\/35910"}],"replies":[{"embeddable":true,"href":"https:\/\/zonales.quito.gob.ec\/index.php?rest_route=%2Fwp%2Fv2%2Fcomments&post=370542"}],"version-history":[{"count":7,"href":"https:\/\/zonales.quito.gob.ec\/index.php?rest_route=\/wp\/v2\/posts\/370542\/revisions"}],"predecessor-version":[{"id":370558,"href":"https:\/\/zonales.quito.gob.ec\/index.php?rest_route=\/wp\/v2\/posts\/370542\/revisions\/370558"}],"wp:featuredmedia":[{"embeddable":true,"href":"https:\/\/zonales.quito.gob.ec\/index.php?rest_route=\/wp\/v2\/media\/370541"}],"wp:attachment":[{"href":"https:\/\/zonales.quito.gob.ec\/index.php?rest_route=%2Fwp%2Fv2%2Fmedia&parent=370542"}],"wp:term":[{"taxonomy":"category","embeddable":true,"href":"https:\/\/zonales.quito.gob.ec\/index.php?rest_route=%2Fwp%2Fv2%2Fcategories&post=370542"},{"taxonomy":"post_tag","embeddable":true,"href":"https:\/\/zonales.quito.gob.ec\/index.php?rest_route=%2Fwp%2Fv2%2Ftags&post=370542"}],"curies":[{"name":"wp","href":"https:\/\/api.w.org\/{rel}","templated":true}]}}