{"id":374323,"date":"2026-03-31T08:41:51","date_gmt":"2026-03-31T13:41:51","guid":{"rendered":"https:\/\/zonales.quito.gob.ec\/?p=374323"},"modified":"2026-03-31T09:05:03","modified_gmt":"2026-03-31T14:05:03","slug":"asi-de-desarrollara-la-semana-santa-2026-en-los-chillos","status":"publish","type":"post","link":"https:\/\/zonales.quito.gob.ec\/?p=374323","title":{"rendered":"As\u00ed de desarrollar\u00e1 la Semana Santa 2026 en Los Chillos"},"content":{"rendered":"\t\t<div data-elementor-type=\"wp-post\" data-elementor-id=\"374323\" class=\"elementor elementor-374323\" data-elementor-post-type=\"post\">\n\t\t\t\t<div class=\"elementor-element elementor-element-4b272c0 e-flex e-con-boxed e-con e-parent\" data-id=\"4b272c0\" data-element_type=\"container\">\n\t\t\t\t\t<div class=\"e-con-inner\">\n\t\t\t\t<div class=\"elementor-element elementor-element-07be297 elementor-widget elementor-widget-text-editor\" data-id=\"07be297\" data-element_type=\"widget\" data-widget_type=\"text-editor.default\">\n\t\t\t\t<div class=\"elementor-widget-container\">\n\t\t\t\t\t\t\t\t\t<p>En estos d\u00edas en que se celebra la Semana Santa, el Valle de Los Chillos se llena de movimiento, tradici\u00f3n y encuentros que invitan a vivir la fe de una manera cercana, entre calles, barrios y espacios donde estas pr\u00e1cticas siguen profundamente arraigadas.<\/p><p>Procesiones, recorridos y momentos simb\u00f3licos forman parte de una agenda que convoca tanto a quienes mantienen estas costumbres como a quienes buscan acercarse y descubrirlas.<\/p><p>A continuaci\u00f3n, hacemos conocer las actividades programadas:<\/p><p><strong>Viernes 3 de abril<\/strong><\/p><ul><li>Procesi\u00f3n de los Diablos de La Merced, en el barrio San Francisco. 11h00<\/li><\/ul><p><strong>S\u00e1bado 4 de abril<\/strong><\/p><ul><li>La Bendici\u00f3n del fuego en el Parque Central de Alangas\u00ed. 18h00<\/li><\/ul><p><strong>Domingo 5 de abril<\/strong><\/p><ul><li>Misa Pontifical de la Resurrecci\u00f3n de Cristo en la iglesia de Alangas\u00ed. 18h00<\/li><\/ul><p>Asimismo, durante los d\u00edas de feriado, los tres balnearios de Los Chillos: El Tingo, Rumiloma y La Moya, atender\u00e1n con normalidad a los visitantes. Estos espacios ofrecen piscinas termales, parques, canchas deportivas y \u00e1reas recreativas para disfrutar en familia.<\/p><p><strong>El Tingo<\/strong><\/p><p>Parroquia Alangas\u00ed (Av. 2 de Agosto y Progreso)<\/p><p>Horario de atenci\u00f3n: 06h30 a 15h00<\/p><p>Boleter\u00eda habilitada hasta las 13h00<\/p><p>Tarifas: Adultos USD 3,24 | Ni\u00f1os USD 1,18 | Tercera edad USD 1,65<\/p><p>Aforo: 1000 personas<\/p><p><strong>La Moya<\/strong><\/p><p>Parroquia Conocoto (Calle Eugenio Espejo y Julio Moreno)<\/p><p>Horario de atenci\u00f3n: 07h00 a 15h30<\/p><p>Boleter\u00eda habilitada hasta las 13h00<\/p><p>Tarifas: Adultos USD 2,35 | Ni\u00f1os y tercera edad USD 1,18<\/p><p>Aforo: 150 personas<\/p><p><strong>Rumiloma<\/strong><\/p><p>Parroquia Guangopolo (Paseo 3 y La Chorrera)<\/p><p>Horario de atenci\u00f3n: 07h00 a 15h30<\/p><p>Boleter\u00eda habilitada hasta las 14h15<\/p><p>Tarifas: Adultos USD 3,24 | Ni\u00f1os USD 1,18 | Tercera edad USD 1,65<\/p><p>Aforo: 200 personas<\/p><p>El Municipio de Quito invita a las familias, turistas y p\u00fablico en general a disfrutar de estos lugares recreativos con responsabilidad, promoviendo el bienestar y el esparcimiento dentro de la ciudad.<\/p>\t\t\t\t\t\t\t\t<\/div>\n\t\t\t\t<\/div>\n\t\t\t\t\t<\/div>\n\t\t\t\t<\/div>\n\t\t<div class=\"elementor-element elementor-element-029c512 e-flex e-con-boxed e-con e-parent\" data-id=\"029c512\" data-element_type=\"container\">\n\t\t\t\t\t<div class=\"e-con-inner\">\n\t\t\t\t<div class=\"elementor-element elementor-element-c4afc8b elementor-widget elementor-widget-image\" data-id=\"c4afc8b\" data-element_type=\"widget\" data-widget_type=\"image.default\">\n\t\t\t\t<div class=\"elementor-widget-container\">\n\t\t\t\t\t\t\t\t\t\t\t\t\t\t\t<img fetchpriority=\"high\" decoding=\"async\" width=\"640\" height=\"426\" src=\"https:\/\/zonales.quito.gob.ec\/wp-content\/uploads\/Diablos-de-La-Merced.jpeg\" class=\"attachment-large size-large wp-image-374320\" alt=\"\" \/>\t\t\t\t\t\t\t\t\t\t\t\t\t\t\t<\/div>\n\t\t\t\t<\/div>\n\t\t\t\t\t<\/div>\n\t\t\t\t<\/div>\n\t\t\t\t<\/div>\n\t\t","protected":false},"excerpt":{"rendered":"<p>En estos d\u00edas en que se celebra la Semana Santa, el Valle de Los Chillos se llena de movimiento, tradici\u00f3n y encuentros que invitan a vivir la fe de una manera cercana, entre calles, barrios y espacios donde estas pr\u00e1cticas siguen profundamente arraigadas. Procesiones, recorridos y momentos simb\u00f3licos forman parte de una agenda que convoca [&hellip;]<\/p>\n","protected":false},"author":35910,"featured_media":374321,"comment_status":"open","ping_status":"open","sticky":false,"template":"","format":"standard","meta":{"_monsterinsights_skip_tracking":false,"_monsterinsights_sitenote_active":false,"_monsterinsights_sitenote_note":"","_monsterinsights_sitenote_category":0,"footnotes":""},"categories":[294,313,5,312],"tags":[],"class_list":["post-374323","post","type-post","status-publish","format-standard","has-post-thumbnail","hentry","category-administracion-zonal-los-chillos","category-comercio-zonales","category-noticias","category-participacion-zonales"],"_links":{"self":[{"href":"https:\/\/zonales.quito.gob.ec\/index.php?rest_route=\/wp\/v2\/posts\/374323","targetHints":{"allow":["GET"]}}],"collection":[{"href":"https:\/\/zonales.quito.gob.ec\/index.php?rest_route=\/wp\/v2\/posts"}],"about":[{"href":"https:\/\/zonales.quito.gob.ec\/index.php?rest_route=\/wp\/v2\/types\/post"}],"author":[{"embeddable":true,"href":"https:\/\/zonales.quito.gob.ec\/index.php?rest_route=\/wp\/v2\/users\/35910"}],"replies":[{"embeddable":true,"href":"https:\/\/zonales.quito.gob.ec\/index.php?rest_route=%2Fwp%2Fv2%2Fcomments&post=374323"}],"version-history":[{"count":7,"href":"https:\/\/zonales.quito.gob.ec\/index.php?rest_route=\/wp\/v2\/posts\/374323\/revisions"}],"predecessor-version":[{"id":374363,"href":"https:\/\/zonales.quito.gob.ec\/index.php?rest_route=\/wp\/v2\/posts\/374323\/revisions\/374363"}],"wp:featuredmedia":[{"embeddable":true,"href":"https:\/\/zonales.quito.gob.ec\/index.php?rest_route=\/wp\/v2\/media\/374321"}],"wp:attachment":[{"href":"https:\/\/zonales.quito.gob.ec\/index.php?rest_route=%2Fwp%2Fv2%2Fmedia&parent=374323"}],"wp:term":[{"taxonomy":"category","embeddable":true,"href":"https:\/\/zonales.quito.gob.ec\/index.php?rest_route=%2Fwp%2Fv2%2Fcategories&post=374323"},{"taxonomy":"post_tag","embeddable":true,"href":"https:\/\/zonales.quito.gob.ec\/index.php?rest_route=%2Fwp%2Fv2%2Ftags&post=374323"}],"curies":[{"name":"wp","href":"https:\/\/api.w.org\/{rel}","templated":true}]}}