{"id":374740,"date":"2026-03-31T15:22:17","date_gmt":"2026-03-31T20:22:17","guid":{"rendered":"https:\/\/zonales.quito.gob.ec\/?p=374740"},"modified":"2026-03-31T15:22:58","modified_gmt":"2026-03-31T20:22:58","slug":"cuando-la-comunidad-se-une-casa-somos-tumbaco-crece-mas-de-1-800-vecinos-cierran-con-exito-el-primer-ciclo-de-2026","status":"publish","type":"post","link":"https:\/\/zonales.quito.gob.ec\/?p=374740","title":{"rendered":"Cuando la comunidad se une, Casa Somos Tumbaco crece: m\u00e1s de 1.800 vecinos cierran con \u00e9xito el primer ciclo de 2026"},"content":{"rendered":"\n<p>Con una participaci\u00f3n masiva que reafirma el esp\u00edritu de vecindad, Casa Somos Tumbaco concluy\u00f3 su primer ciclo de talleres del a\u00f1o. Entre enero y marzo, este espacio se consolid\u00f3 como el coraz\u00f3n del desarrollo comunitario en el valle, registrando la asistencia de aproximadamente&nbsp;1.800 ciudadanos.<\/p>\n\n\n\n<p>Durante este periodo, se ejecutaron&nbsp;143 talleres&nbsp;enfocados en el aprendizaje pr\u00e1ctico y el intercambio de saberes. Este proceso no solo impulsa el desarrollo personal, sino que tambi\u00e9n promueve la organizaci\u00f3n comunitaria y el ejercicio de derechos, el programa ha servido como un motor de&nbsp;organizaci\u00f3n comunitaria, permitiendo que los asistentes fortalezcan lazos y trabajen por el bienestar colectivo de sus barrios.<\/p>\n\n\n\n<p>Casa Somos se ratifica como un espacio abierto donde el ejercicio de derechos y el desarrollo personal caminan de la mano. Al finalizar este ciclo, la instituci\u00f3n celebra no solo el aprendizaje adquirido, sino la transformaci\u00f3n del entorno social a trav\u00e9s del encuentro ciudadano.<\/p>\n\n\n\n<p>Para el pr\u00f3ximo ciclo, se espera ampliar la oferta de actividades, manteniendo el compromiso de ser un lugar donde la comunidad se reconoce y crece unida.<\/p>\n\n\n\n<p><\/p>\n","protected":false},"excerpt":{"rendered":"<p>Con una participaci\u00f3n masiva que reafirma el esp\u00edritu de vecindad, Casa Somos Tumbaco concluy\u00f3 su primer ciclo de talleres del a\u00f1o. Entre enero y marzo, este espacio se consolid\u00f3 como el coraz\u00f3n del desarrollo comunitario en el valle, registrando la asistencia de aproximadamente&nbsp;1.800 ciudadanos. Durante este periodo, se ejecutaron&nbsp;143 talleres&nbsp;enfocados en el aprendizaje pr\u00e1ctico y [&hellip;]<\/p>\n","protected":false},"author":27729,"featured_media":374756,"comment_status":"open","ping_status":"open","sticky":false,"template":"","format":"standard","meta":{"_monsterinsights_skip_tracking":false,"_monsterinsights_sitenote_active":false,"_monsterinsights_sitenote_note":"","_monsterinsights_sitenote_category":0,"footnotes":""},"categories":[5],"tags":[],"class_list":["post-374740","post","type-post","status-publish","format-standard","has-post-thumbnail","hentry","category-noticias"],"_links":{"self":[{"href":"https:\/\/zonales.quito.gob.ec\/index.php?rest_route=\/wp\/v2\/posts\/374740","targetHints":{"allow":["GET"]}}],"collection":[{"href":"https:\/\/zonales.quito.gob.ec\/index.php?rest_route=\/wp\/v2\/posts"}],"about":[{"href":"https:\/\/zonales.quito.gob.ec\/index.php?rest_route=\/wp\/v2\/types\/post"}],"author":[{"embeddable":true,"href":"https:\/\/zonales.quito.gob.ec\/index.php?rest_route=\/wp\/v2\/users\/27729"}],"replies":[{"embeddable":true,"href":"https:\/\/zonales.quito.gob.ec\/index.php?rest_route=%2Fwp%2Fv2%2Fcomments&post=374740"}],"version-history":[{"count":1,"href":"https:\/\/zonales.quito.gob.ec\/index.php?rest_route=\/wp\/v2\/posts\/374740\/revisions"}],"predecessor-version":[{"id":374761,"href":"https:\/\/zonales.quito.gob.ec\/index.php?rest_route=\/wp\/v2\/posts\/374740\/revisions\/374761"}],"wp:featuredmedia":[{"embeddable":true,"href":"https:\/\/zonales.quito.gob.ec\/index.php?rest_route=\/wp\/v2\/media\/374756"}],"wp:attachment":[{"href":"https:\/\/zonales.quito.gob.ec\/index.php?rest_route=%2Fwp%2Fv2%2Fmedia&parent=374740"}],"wp:term":[{"taxonomy":"category","embeddable":true,"href":"https:\/\/zonales.quito.gob.ec\/index.php?rest_route=%2Fwp%2Fv2%2Fcategories&post=374740"},{"taxonomy":"post_tag","embeddable":true,"href":"https:\/\/zonales.quito.gob.ec\/index.php?rest_route=%2Fwp%2Fv2%2Ftags&post=374740"}],"curies":[{"name":"wp","href":"https:\/\/api.w.org\/{rel}","templated":true}]}}