{"id":379223,"date":"2026-04-08T14:46:08","date_gmt":"2026-04-08T19:46:08","guid":{"rendered":"https:\/\/zonales.quito.gob.ec\/?p=379223"},"modified":"2026-04-08T15:22:38","modified_gmt":"2026-04-08T20:22:38","slug":"los-chillos-un-destino-que-lo-tiene-todo-guangopolo-celebra-la-fiesta-del-cedazo-2026","status":"publish","type":"post","link":"https:\/\/zonales.quito.gob.ec\/?p=379223","title":{"rendered":"Los Chillos un destino que lo tiene todo: Guangopolo celebra la Fiesta del Cedazo 2026"},"content":{"rendered":"\t\t<div data-elementor-type=\"wp-post\" data-elementor-id=\"379223\" class=\"elementor elementor-379223\" data-elementor-post-type=\"post\">\n\t\t\t\t<div class=\"elementor-element elementor-element-6369f47 e-flex e-con-boxed e-con e-parent\" data-id=\"6369f47\" data-element_type=\"container\">\n\t\t\t\t\t<div class=\"e-con-inner\">\n\t\t\t\t<div class=\"elementor-element elementor-element-a7f3c5c elementor-widget elementor-widget-text-editor\" data-id=\"a7f3c5c\" data-element_type=\"widget\" data-widget_type=\"text-editor.default\">\n\t\t\t\t<div class=\"elementor-widget-container\">\n\t\t\t\t\t\t\t\t\t<p>El Valle de Los Chillos se consolida como uno de los destinos imperdibles de Quito, donde la ruralidad cobra vida a trav\u00e9s del arte, la cultura y las tradiciones vivas. Este s\u00e1bado 11 de abril, la parroquia de Guangopolo abre sus puertas para celebrar la Fiesta del Cedazo 2026, una experiencia \u00fanica que conecta historia, identidad y desarrollo local.<\/p><p>Reconocida internacionalmente como la cuna de la artesan\u00eda en crin de caballo, Guangopolo transformar\u00e1 sus calles desde las 08h00 en un escenario lleno de color, m\u00fasica y saberes ancestrales que fortalecen el turismo y dinamizan la econom\u00eda de la zona.<\/p><p><strong>Agenda cultural<\/strong><\/p><p>08h00 \u2013 Feria gastron\u00f3mica, artesanal y productiva<\/p><p>10h00 \u2013 Develaci\u00f3n de esculturas en homenaje al cedazo (Parque Central)<\/p><p>10h30 \u2013 Desfile cultural con colectivos, unidades educativas y artesanas cedaceras<\/p><p>14h00 \u2013 Demostraci\u00f3n en vivo de la elaboraci\u00f3n del cedazo<\/p><p>15h00 \u2013 Partido rel\u00e1mpago de b\u00e1squet con ni\u00f1as y ni\u00f1os (Coliseo)<\/p><p>19h00 \u2013 Gran noche art\u00edstica<\/p><p><strong>Tradici\u00f3n que trasciende generaciones<\/strong><\/p><p>El cedazo es mucho m\u00e1s que una artesan\u00eda: es identidad, historia y legado. Su elaboraci\u00f3n, transmitida de generaci\u00f3n en generaci\u00f3n, combina t\u00e9cnicas ancestrales con el uso del crin de caballo, tejido en telares de madera y trabajado con precisi\u00f3n hasta lograr piezas \u00fanicas.<\/p><p>Esta pr\u00e1ctica, de origen prehisp\u00e1nico, refleja la riqueza cultural de Guangopolo y posiciona a Los Chillos como un territorio donde las tradiciones siguen vivas y se proyectan al futuro.<\/p><p>El Municipio de Quito, junto al Gobierno Parroquial de Guangopolo, impulsa estos espacios que fortalecen la cultura, promueven el turismo y generan oportunidades para emprendedores y artesanos.<\/p><p>Los Chillos te esperan con todo: cultura, gastronom\u00eda, tradici\u00f3n y experiencias \u00fanicas en cada parroquia.<\/p>\t\t\t\t\t\t\t\t<\/div>\n\t\t\t\t<\/div>\n\t\t\t\t\t<\/div>\n\t\t\t\t<\/div>\n\t\t\t\t<\/div>\n\t\t","protected":false},"excerpt":{"rendered":"<p>El Valle de Los Chillos se consolida como uno de los destinos imperdibles de Quito, donde la ruralidad cobra vida a trav\u00e9s del arte, la cultura y las tradiciones vivas. Este s\u00e1bado 11 de abril, la parroquia de Guangopolo abre sus puertas para celebrar la Fiesta del Cedazo 2026, una experiencia \u00fanica que conecta historia, [&hellip;]<\/p>\n","protected":false},"author":35910,"featured_media":379220,"comment_status":"open","ping_status":"open","sticky":false,"template":"","format":"standard","meta":{"_monsterinsights_skip_tracking":false,"_monsterinsights_sitenote_active":false,"_monsterinsights_sitenote_note":"","_monsterinsights_sitenote_category":0,"footnotes":""},"categories":[294,314,5,312],"tags":[],"class_list":["post-379223","post","type-post","status-publish","format-standard","has-post-thumbnail","hentry","category-administracion-zonal-los-chillos","category-ferias-zonales","category-noticias","category-participacion-zonales"],"_links":{"self":[{"href":"https:\/\/zonales.quito.gob.ec\/index.php?rest_route=\/wp\/v2\/posts\/379223","targetHints":{"allow":["GET"]}}],"collection":[{"href":"https:\/\/zonales.quito.gob.ec\/index.php?rest_route=\/wp\/v2\/posts"}],"about":[{"href":"https:\/\/zonales.quito.gob.ec\/index.php?rest_route=\/wp\/v2\/types\/post"}],"author":[{"embeddable":true,"href":"https:\/\/zonales.quito.gob.ec\/index.php?rest_route=\/wp\/v2\/users\/35910"}],"replies":[{"embeddable":true,"href":"https:\/\/zonales.quito.gob.ec\/index.php?rest_route=%2Fwp%2Fv2%2Fcomments&post=379223"}],"version-history":[{"count":7,"href":"https:\/\/zonales.quito.gob.ec\/index.php?rest_route=\/wp\/v2\/posts\/379223\/revisions"}],"predecessor-version":[{"id":379273,"href":"https:\/\/zonales.quito.gob.ec\/index.php?rest_route=\/wp\/v2\/posts\/379223\/revisions\/379273"}],"wp:featuredmedia":[{"embeddable":true,"href":"https:\/\/zonales.quito.gob.ec\/index.php?rest_route=\/wp\/v2\/media\/379220"}],"wp:attachment":[{"href":"https:\/\/zonales.quito.gob.ec\/index.php?rest_route=%2Fwp%2Fv2%2Fmedia&parent=379223"}],"wp:term":[{"taxonomy":"category","embeddable":true,"href":"https:\/\/zonales.quito.gob.ec\/index.php?rest_route=%2Fwp%2Fv2%2Fcategories&post=379223"},{"taxonomy":"post_tag","embeddable":true,"href":"https:\/\/zonales.quito.gob.ec\/index.php?rest_route=%2Fwp%2Fv2%2Ftags&post=379223"}],"curies":[{"name":"wp","href":"https:\/\/api.w.org\/{rel}","templated":true}]}}