{"id":54714,"date":"2022-11-30T12:25:10","date_gmt":"2022-11-30T17:25:10","guid":{"rendered":"https:\/\/zonales.quito.gob.ec\/?p=54714"},"modified":"2022-11-30T12:26:09","modified_gmt":"2022-11-30T17:26:09","slug":"mas-de-100-emprendimientos-participaran-del-bazar-quiteno","status":"publish","type":"post","link":"https:\/\/zonales.quito.gob.ec\/?p=54714","title":{"rendered":"M\u00e1s de 100 emprendimientos participar\u00e1n del \u201cBazar Quite\u00f1o\u201d"},"content":{"rendered":"\t\t<div data-elementor-type=\"wp-post\" data-elementor-id=\"54714\" class=\"elementor elementor-54714\" data-elementor-post-type=\"post\">\n\t\t\t\t\t\t<section class=\"elementor-section elementor-top-section elementor-element elementor-element-d98a917 elementor-section-boxed elementor-section-height-default elementor-section-height-default\" data-id=\"d98a917\" data-element_type=\"section\">\n\t\t\t\t\t\t<div class=\"elementor-container elementor-column-gap-default\">\n\t\t\t\t\t<div class=\"elementor-column elementor-col-100 elementor-top-column elementor-element elementor-element-a3ad221\" data-id=\"a3ad221\" data-element_type=\"column\">\n\t\t\t<div class=\"elementor-widget-wrap elementor-element-populated\">\n\t\t\t\t\t\t<div class=\"elementor-element elementor-element-7f1bb43 elementor-widget elementor-widget-heading\" data-id=\"7f1bb43\" data-element_type=\"widget\" data-widget_type=\"heading.default\">\n\t\t\t\t<div class=\"elementor-widget-container\">\n\t\t\t\t\t<h2 class=\"elementor-heading-title elementor-size-default\">M\u00e1s de 100 emprendimientos participar\u00e1n del \u201cBazar Quite\u00f1o\u201d<\/h2>\t\t\t\t<\/div>\n\t\t\t\t<\/div>\n\t\t\t\t<div class=\"elementor-element elementor-element-b71ab25 elementor-widget elementor-widget-text-editor\" data-id=\"b71ab25\" data-element_type=\"widget\" data-widget_type=\"text-editor.default\">\n\t\t\t\t<div class=\"elementor-widget-container\">\n\t\t\t\t\t\t\t\t\t<p>En el marco de la celebraci\u00f3n de los 488 a\u00f1os de la Fundaci\u00f3n de Quito, la Secretar\u00eda General de Coordinaci\u00f3n Territorial y Participaci\u00f3n Ciudadana, a trav\u00e9s de los proyectos Casa Somos Quito y Voluntariado Quito Acci\u00f3n, llevar\u00e1 a cabo la primera edici\u00f3n de la feria \u201cBazar Quite\u00f1o\u201d, la cual busca promover la inclusi\u00f3n socio-econ\u00f3mica y comercializaci\u00f3n de productos de m\u00e1s de 100 emprendedores formados a trav\u00e9s de nuestros talleres.<\/p><p>En ese sentido, se ha programado una distribuci\u00f3n de 50 stands elaborados con palets de madera reciclada, que estar\u00e1n instalados en un tramo del Bulevar de las Naciones Unidas, este 3 y 4 de diciembre de 09:00 a 17:00.<\/p><p>Con el objetivo de potenciar la reactivaci\u00f3n econ\u00f3mica de la capital, la comunidad podr\u00e1 encontrar productos elaborados a mano, artesan\u00edas, adornos, manualidades, bisuter\u00eda, gastronom\u00eda, regalos navide\u00f1os entre otros, que son creados, a trav\u00e9s de nuestros talleres ocupacionales.<\/p><p>Igualmente apoyamos a mujeres, que son cabeza de hogar y que han encontrado en nuestras \u00a0Casas Somos Quito y Voluntariado Quito Acci\u00f3n una oportunidad de aprender, crecer y emprender, creando fuentes de ingreso para sus familias.<\/p>\t\t\t\t\t\t\t\t<\/div>\n\t\t\t\t<\/div>\n\t\t\t\t\t<\/div>\n\t\t<\/div>\n\t\t\t\t\t<\/div>\n\t\t<\/section>\n\t\t\t\t<\/div>\n\t\t","protected":false},"excerpt":{"rendered":"<p>M\u00e1s de 100 emprendimientos participar\u00e1n del \u201cBazar Quite\u00f1o\u201d En el marco de la celebraci\u00f3n de los 488 a\u00f1os de la Fundaci\u00f3n de Quito, la Secretar\u00eda General de Coordinaci\u00f3n Territorial y Participaci\u00f3n Ciudadana, a trav\u00e9s de los proyectos Casa Somos Quito y Voluntariado Quito Acci\u00f3n, llevar\u00e1 a cabo la primera edici\u00f3n de la feria \u201cBazar Quite\u00f1o\u201d, [&hellip;]<\/p>\n","protected":false},"author":1,"featured_media":54713,"comment_status":"open","ping_status":"open","sticky":false,"template":"","format":"standard","meta":{"_monsterinsights_skip_tracking":false,"_monsterinsights_sitenote_active":false,"_monsterinsights_sitenote_note":"","_monsterinsights_sitenote_category":0,"footnotes":""},"categories":[5,10],"tags":[],"class_list":["post-54714","post","type-post","status-publish","format-standard","has-post-thumbnail","hentry","category-noticias","category-secretaria-general"],"_links":{"self":[{"href":"https:\/\/zonales.quito.gob.ec\/index.php?rest_route=\/wp\/v2\/posts\/54714","targetHints":{"allow":["GET"]}}],"collection":[{"href":"https:\/\/zonales.quito.gob.ec\/index.php?rest_route=\/wp\/v2\/posts"}],"about":[{"href":"https:\/\/zonales.quito.gob.ec\/index.php?rest_route=\/wp\/v2\/types\/post"}],"author":[{"embeddable":true,"href":"https:\/\/zonales.quito.gob.ec\/index.php?rest_route=\/wp\/v2\/users\/1"}],"replies":[{"embeddable":true,"href":"https:\/\/zonales.quito.gob.ec\/index.php?rest_route=%2Fwp%2Fv2%2Fcomments&post=54714"}],"version-history":[{"count":4,"href":"https:\/\/zonales.quito.gob.ec\/index.php?rest_route=\/wp\/v2\/posts\/54714\/revisions"}],"predecessor-version":[{"id":54718,"href":"https:\/\/zonales.quito.gob.ec\/index.php?rest_route=\/wp\/v2\/posts\/54714\/revisions\/54718"}],"wp:featuredmedia":[{"embeddable":true,"href":"https:\/\/zonales.quito.gob.ec\/index.php?rest_route=\/wp\/v2\/media\/54713"}],"wp:attachment":[{"href":"https:\/\/zonales.quito.gob.ec\/index.php?rest_route=%2Fwp%2Fv2%2Fmedia&parent=54714"}],"wp:term":[{"taxonomy":"category","embeddable":true,"href":"https:\/\/zonales.quito.gob.ec\/index.php?rest_route=%2Fwp%2Fv2%2Fcategories&post=54714"},{"taxonomy":"post_tag","embeddable":true,"href":"https:\/\/zonales.quito.gob.ec\/index.php?rest_route=%2Fwp%2Fv2%2Ftags&post=54714"}],"curies":[{"name":"wp","href":"https:\/\/api.w.org\/{rel}","templated":true}]}}